{"id":7363,"count":0,"description":"Carl Clobes, ktor\u00fd sa narodil 27. j\u00fala 1912 v Kasseli a zomrel 15. janu\u00e1ra 1996 v T\u00fcckelhausene, bol uzn\u00e1van\u00fdm nemeck\u00fdm maliarom, ktor\u00e9ho tvorba zah\u0155\u0148ala n\u00e1stenn\u00e9 ma\u013eby, ma\u013eby pre verejn\u00e9 a sakr\u00e1lne priestory, vitr\u00e1\u017ee a mozaiky.\nVo veku \u00f4smich rokov Clobes z\u00edskal podporu v kurze kreslenia a ma\u013eovania, ktor\u00fd mesto Kassel organizovalo pre umelecky nadan\u00e9 deti. V rokoch 1926 a\u017e 1929 sa u\u010dil maliarskemu remeslu a z\u00e1rove\u0148 nav\u0161tevoval \u0160kolu \u00fa\u017eitkov\u00e9ho umenia v Kasseli. Vo form\u00e1lnom vzdel\u00e1van\u00ed pokra\u010doval od roku 1930 na berl\u00ednskej akad\u00e9mii, kde \u0161tudoval v triede profesora Ferdinanda Spiegela.\nFormuj\u00facim z\u00e1\u017eitkom pre Clobesa bola cesta, ktor\u00fa podnikol spolu s bratom na vlastnoru\u010dne postavenej plachetnici v rokoch 1934\/35. Cesta viedla cez D\u00e1nsko do Franc\u00fazska, Talianska a a\u017e do severnej Afriky. Po n\u00e1vrate do Berl\u00edna sa stal \u0161tudentom magistersk\u00e9ho \u0161t\u00fadia na Pruskej akad\u00e9mii umen\u00ed na Pariser Platz. Tam si na\u0161iel mno\u017estvo priate\u013eov, medzi ktor\u00fdmi boli umelci ako Hubert Berke, Arnold a Paul Bodeovci, Emy Roeder a Gustav Seitz.\nV rokoch 1940 a\u017e 1941 Clobes dost\u00e1val \u0161tipendium od Villa Massimo Nemeckej akad\u00e9mie v R\u00edme. V tom istom roku sa o\u017eenil s maliarkou Elisabeth Freitagovou a z tohto man\u017eelstva mal \u0161tyri deti. Po\u010das druhej svetovej vojny sl\u00fa\u017eil v rokoch 1943 a\u017e 1946 ako vojak Wehrmachtu a bol zajat\u00fd. Po vojne a zni\u010den\u00ed ich domu v Berl\u00edne sa rodina v roku 1947 pres\u0165ahovala do T\u00fcckelhausenu v Doln\u00fdch Frankoch.\nClobes sa stal zn\u00e1mym v\u010faka svojim n\u00e1vrhom kostolov po\u010das rekon\u0161trukcie diec\u00e9zy W\u00fcrzburg. Vytv\u00e1ral fresky, mozaiky, vitr\u00e1\u017ee a olt\u00e1rne obrazy v novopostaven\u00fdch kostoloch, ako aj pri renov\u00e1ci\u00e1ch. Jeho diela sa nach\u00e1dzali nielen v Doln\u00fdch Frankoch, ale aj v \u010fal\u0161\u00edch nemeck\u00fdch mest\u00e1ch, ako napr\u00edklad v Mn\u00edchove, Schweinfurte, M\u00fcnsteri, Marle, Borkene a Berl\u00edne. E\u0161te v roku 1990 pracoval na re\u0161taurovan\u00ed kr\u00eddlov\u00e9ho olt\u00e1rneho obrazu zo 14. storo\u010dia v kl\u00e1\u0161tornom kostole Nikolausberg v G\u00f6ttingene.\nClobes podnikol mno\u017estvo \u0161tudijn\u00fdch ciest po Eur\u00f3pe a\u017e na pobre\u017eie Atlantick\u00e9ho oce\u00e1nu a na Bl\u00edzky v\u00fdchod, kde sk\u00famal miesta ako hora Athos, Gr\u00e9cko, stredomorsk\u00e9 ostrovy a Bl\u00edzky v\u00fdchod.","link":"https:\/\/collection.galerie-gerdes.com\/sk\/c\/umelci-sk\/karl-clobes-sk\/","name":"Karl Clobes","slug":"karl-clobes-sk","taxonomy":"product_cat","parent":1875,"meta":[],"_links":{"self":[{"href":"https:\/\/collection.galerie-gerdes.com\/sk\/wp-json\/wp\/v2\/product_cat\/7363","targetHints":{"allow":["GET"]}}],"collection":[{"href":"https:\/\/collection.galerie-gerdes.com\/sk\/wp-json\/wp\/v2\/product_cat"}],"about":[{"href":"https:\/\/collection.galerie-gerdes.com\/sk\/wp-json\/wp\/v2\/taxonomies\/product_cat"}],"up":[{"embeddable":true,"href":"https:\/\/collection.galerie-gerdes.com\/sk\/wp-json\/wp\/v2\/product_cat\/1875"}],"wp:post_type":[{"href":"https:\/\/collection.galerie-gerdes.com\/sk\/wp-json\/wp\/v2\/product?product_cat=7363"}],"curies":[{"name":"wp","href":"https:\/\/api.w.org\/{rel}","templated":true}]}}