{"id":7591,"count":0,"description":"Carl Weisgerber sa narodil 25. okt\u00f3bra 1891 v Ahrweileri, malebnom meste\u010dku v \u00fadol\u00ed rieky Ahr, ktor\u00e9 sa vyzna\u010duje vinohradn\u00edctvom a cestovn\u00fdm ruchom. Bol \u0161tvrt\u00fdm die\u0165a\u0165om Carla Huberta a Elisabeth Weisgerberovcov a vyrastal spolu so svojimi s\u00farodencami Mariou, Annou, Elisabeth a Wilhelmom na Niederhutstra\u00dfe 23. \u010eal\u0161\u00ed brat Heinrich Weisgerber zomrel u\u017e pri naroden\u00ed v roku 1887.\n\nRodina prev\u00e1dzkovala \u010dal\u00fannick\u00fd a sedl\u00e1rsky podnik v Ahrweileri, kde museli vypom\u00e1ha\u0165 v\u0161etky deti vr\u00e1tane mal\u00e9ho Carla. Carlovo umeleck\u00e9 nadanie sa prejavovalo u\u017e od \u00fatleho veku, podporovalo ho otcovo nad\u0161enie pre ochotn\u00edcke divadlo. Za\u010dal navrhova\u0165 divadeln\u00e9 kulisy, vo\u013en\u00fd \u010das tr\u00e1vil v lese a na po\u013eova\u010dk\u00e1ch, za\u010dal sa venova\u0165 taxidermii a kresleniu zvierat. Napriek t\u00fdmto sklonom zostal akt\u00edvny v remeseln\u00edckej firme svojich rodi\u010dov. Diela z tohto obdobia zobrazuj\u00fa mot\u00edvy \u00fadolia Ahr a Ahrweileru v kva\u0161i a pastely.\n\nVo veku 26 alebo 27 rokov talent Carla Weisgerbera objavil a podporil Willy Spatz. In\u0161pirovan\u00fd Spatzom sa Weisgerber v roku 1918 prihl\u00e1sil na d\u00fcsseldorfsk\u00fa umeleck\u00fa akad\u00e9miu a za\u010dal \u0161tudova\u0165 v triede krajinoma\u013eby Maxa Clarenbacha. Nesk\u00f4r pre\u0161iel na ma\u013eovanie zvierat v triede Juliusa Paula Junghannsa a \u0161t\u00fadium ukon\u010dil pravdepodobne v rokoch 1922\/1923. Nadviazal celo\u017eivotn\u00e9 priate\u013estvo s maliarom zvierat Georgom Wolfom, ktor\u00fd tie\u017e \u0161tudoval u Junghannsa.\n\nV roku 1924 sa o\u017eenil s Amaliou Mathildou Hirschovou z Oberwesel-St. Goar v D\u00fcsseldorfe, kde sa im v roku 1927 narodil jedin\u00fd syn. Weisgerber str\u00e1vil cel\u00fd svoj umeleck\u00fd \u017eivot v D\u00fcsseldorfe, ale pobudol aj v \u00fadol\u00ed rieky Ahr, v oblasti Eifel, v oblasti Adenau a cestoval do Holandska, V\u00fdchodn\u00e9ho Fr\u00edska, \u0160v\u00e9dska, Tirolska a vtedaj\u0161ej Juhosl\u00e1vie.\n\nWeisgerber sa z\u00fa\u010dast\u0148oval na v\u00fdstav\u00e1ch organizovan\u00fdch Mlad\u00fdm Por\u00fdn\u00edm, R\u00fdnskou skupinou a R\u00fdnskou secesiou a bol \u010dlenom Zdru\u017eenia d\u00fcsseldorfsk\u00fdch umelcov. Jeho obrazy boli prezentovan\u00e9 na Ve\u013ek\u00fdch nemeck\u00fdch v\u00fdstav\u00e1ch umenia v Mn\u00edchove v rokoch 1938 a\u017e 1944 a na\u0161li si priaze\u0148 aj u Hitlera a \u010fal\u0161\u00edch popredn\u00fdch n\u00e1rodn\u00fdch socialistov. Po svojej smrti v roku 1968 bol Carl Weisgerber pochovan\u00fd na cintor\u00edne v D\u00fcsseldorfe-Heerdte.\n\nJeho diela boli vystaven\u00e9 na r\u00f4znych skupinov\u00fdch v\u00fdstav\u00e1ch vr\u00e1tane v\u00fdstavy \u201eDie Westfront\u201c v Essene v roku 1933, ako aj na v\u00fdstave \u201eJunge Kunst im Deutschen Reich\u201c vo viedenskom K\u00fcnstlerhause v roku 1943. V roku 1964 sa konala ve\u013ek\u00e1 v\u00fdstava jeho diel spolu s Herbertom Griebitzom v Kunstverein f\u00fcr die Rheinlande und Westfalen v Kunsthalle D\u00fcsseldorf.","link":"https:\/\/collection.galerie-gerdes.com\/sk\/c\/umelci-sk\/karl-weissgerber-sk\/","name":"Karl WEISSGERBER","slug":"karl-weissgerber-sk","taxonomy":"product_cat","parent":1875,"meta":[],"_links":{"self":[{"href":"https:\/\/collection.galerie-gerdes.com\/sk\/wp-json\/wp\/v2\/product_cat\/7591","targetHints":{"allow":["GET"]}}],"collection":[{"href":"https:\/\/collection.galerie-gerdes.com\/sk\/wp-json\/wp\/v2\/product_cat"}],"about":[{"href":"https:\/\/collection.galerie-gerdes.com\/sk\/wp-json\/wp\/v2\/taxonomies\/product_cat"}],"up":[{"embeddable":true,"href":"https:\/\/collection.galerie-gerdes.com\/sk\/wp-json\/wp\/v2\/product_cat\/1875"}],"wp:post_type":[{"href":"https:\/\/collection.galerie-gerdes.com\/sk\/wp-json\/wp\/v2\/product?product_cat=7591"}],"curies":[{"name":"wp","href":"https:\/\/api.w.org\/{rel}","templated":true}]}}