{"id":7633,"count":0,"description":"Max-Wolfgang Weber (1939) je nemeck\u00fd maliar a umelec. Narodil sa v roku 1939 v Dr\u00e1\u017e\u010fanoch. Svoje umeleck\u00e9 vzdel\u00e1vanie za\u010dal v roku 1953 s\u00fakromn\u00fdmi hodinami ma\u013eby a kresby u profesora Gerharda Davida v Dr\u00e1\u017e\u010fanoch. V rokoch 1956 a\u017e 1957 \u0161tudoval na Akad\u00e9mii v\u00fdtvarn\u00fdch umen\u00ed v Lipsku u profesora W. Mattheuera. V rokoch 1957 a\u017e 1959 potom pokra\u010doval v \u0161t\u00fadiu na Akad\u00e9mii v\u00fdtvarn\u00fdch umen\u00ed v Mn\u00edchove u profesora Xavera Fuhra. Aby preh\u013abil svoje umeleck\u00e9 vedomosti a zru\u010dnosti, absolvoval v rokoch 1962 a\u017e 1963 \u010fal\u0161ie ro\u010dn\u00e9 \u0161t\u00fadium na Akad\u00e9mii v\u00fdtvarn\u00fdch umen\u00ed vo Viedni pod veden\u00edm profesora Franza Elsnera.\n\nMax-Wolfgang Weber p\u00f4sob\u00ed od roku 1960 ako umelec v slobodnom povolan\u00ed v Mn\u00edchove. Jeho tvorba bola v roku 1985 ocenen\u00e1 k\u00fapou jeho hlavn\u00e9ho diela \u201eStrandbild Narbonne\u201c Bavorsk\u00fdmi \u0161t\u00e1tnymi maliarskymi zbierkami. Je \u010dlenom Berufsverband Bildender K\u00fcnstler (BBK) a VG BILD-KUNST.\n\nWeber sa po\u010das svojej kari\u00e9ry z\u00fa\u010dastnil na mnoh\u00fdch v\u00fdstav\u00e1ch. Napr\u00edklad v roku 1977 vystavoval v Kunstforum der St\u00e4dtischen Galerie v Mn\u00edchove a v roku 1979 sa z\u00fa\u010dastnil na ve\u013ekej v\u00fdstave umenia v Haus der Kunst v Mn\u00edchove. Svoje diela prezentoval aj na medzin\u00e1rodnej \u00farovni, napr\u00edklad v roku 1980 v Institut Francais de M\u00fcnchen a v roku 1990 v Galerie Du Loup v Gensac\/Gironde vo Franc\u00fazsku.\n\n\u010eal\u0161ie v\u00fdznamn\u00e9 v\u00fdstavy Maxa-Wolfganga Webera sa uskuto\u010dnili napr\u00edklad v roku 2000 v Trafo v Mn\u00edchove pri pr\u00edle\u017eitosti podujatia \u201e10 rokov spojenia\u201c medzi Lipskom a Mn\u00edchovom. V roku 2010 boli jeho diela vystaven\u00e9 na \u00darade pre pl\u00e1novanie mesta Mn\u00edchov v r\u00e1mci v\u00fdstavy \u201eBruder Baum\u201c. V roku 2012 predstavil svoje \u201eEnergetick\u00e9 krajiny\u201c v In\u0161tit\u00fate Maxa Plancka pre bioch\u00e9miu v Martinsriede.\n\nMedzi posledn\u00e9 v\u00fdstavy v roku 2019 patria \u201eIm Fluss der Zeit\u201c v rodnom dome Karla Valentina v Mn\u00edchove, \u201eHerbstkl\u00e4nge\u201c v ZUK (Maierhof) Kloster Benediktbeuern a \u201eHerbstakkord\u201c na z\u00e1mku Blutenburg v Mn\u00edchove. V roku 2020 Max-Wolfgang Weber vystavuje \u201eNov\u00e9 obrazy\u201c vo svojom ateli\u00e9ri Au e.V. v Mn\u00edchove.","link":"https:\/\/collection.galerie-gerdes.com\/sk\/c\/umelci-sk\/max-wolfgang-weber-sk\/","name":"Max Wolfgang WEBER","slug":"max-wolfgang-weber-sk","taxonomy":"product_cat","parent":1875,"meta":[],"_links":{"self":[{"href":"https:\/\/collection.galerie-gerdes.com\/sk\/wp-json\/wp\/v2\/product_cat\/7633","targetHints":{"allow":["GET"]}}],"collection":[{"href":"https:\/\/collection.galerie-gerdes.com\/sk\/wp-json\/wp\/v2\/product_cat"}],"about":[{"href":"https:\/\/collection.galerie-gerdes.com\/sk\/wp-json\/wp\/v2\/taxonomies\/product_cat"}],"up":[{"embeddable":true,"href":"https:\/\/collection.galerie-gerdes.com\/sk\/wp-json\/wp\/v2\/product_cat\/1875"}],"wp:post_type":[{"href":"https:\/\/collection.galerie-gerdes.com\/sk\/wp-json\/wp\/v2\/product?product_cat=7633"}],"curies":[{"name":"wp","href":"https:\/\/api.w.org\/{rel}","templated":true}]}}