{"id":2161,"count":0,"description":"Alfred Herbert Georg Seidel (1. november 1913 - 20. november 2001) je bil pomemben nem\u0161ki grafik in slikar, ki je ustvarjal v \u0161tevilnih umetni\u0161kih izraznih oblikah.\n\nAlfred Seidel se je rodil 1. novembra 1913 v Breslauuu, kmalu po smrti o\u010deta Otta med prvo svetovno vojno pa ga je mati Maria odpeljala v zgornje\u0161lezijski kraj Scharley ali Deutsch-Piekar, kjer je odra\u0161\u010dal pri sorodnikih skupaj s sestro Helene. Na njegov zgodnji razvoj je pomembno vplivalo okolje premogovnikov v bli\u017eini takratne ruske meje.\n\nNjegovo likovno nadarjenost je \u017ee zgodaj prepoznal in spodbujal predvsem pozoren u\u010ditelj risanja v \u010dasu \u0161olanja na realni gimnaziji v Beuthnu, ki jo je obiskoval od leta 1924. Seidel je svoj umetni\u0161ki poklic za\u010dutil \u017ee v mladosti.\n\nKo je tik pred maturo zapustil realno gimnazijo, se je leta 1933 za\u010del usposabljati za gledali\u0161kega slikarja. Sledile so anga\u017emaje v zgornje\u0161lezijskem gledali\u0161\u010du Landestheater v Bytomu in pozneje v gledali\u0161\u010du Stadttheater v Salzburgu, kjer je bil prvi gledali\u0161ki slikar in vodja studia.\n\nMed drugo svetovno vojno je bil Seidel dvakrat ranjen in je izgubil desno oko. Kljub tej invalidnosti je njegova strast do umetnosti ostala neomajna. Ustvaril je \u0161tevilne grafike, risbe, slike, vitra\u017ee za cerkvene prostore in skulpture. Njegova globoka ljubezen do literature se je odra\u017eala tudi v njegovih ilustracijah in literarnih delih.\n\nPo izpustitvi iz ameri\u0161kega ujetni\u0161tva leta 1945 je Seidel najprej na\u0161el nov dom v Sillenbuchu, od leta 1954 pa v Schorndorfu. Tam je bil dolga leta \u010dlan ceha umetnikov v Esslingenu.\n\nAlfred Seidel je umrl 20. novembra 2001 v Schorndorfu, kjer so ga pre\u017eiveli \u017eena Elisabeth in trije otroci Susanne, Matthias in Christoph. Leta 2017 so dedi\u010di velik del njegovih del zapustili mestu Schorndorf.","link":"https:\/\/collection.galerie-gerdes.com\/sl\/c\/umetniki\/alfred-georg-seidel-sl\/","name":"Alfred Georg Seidel","slug":"alfred-georg-seidel-sl","taxonomy":"product_cat","parent":1870,"meta":[],"_links":{"self":[{"href":"https:\/\/collection.galerie-gerdes.com\/sl\/wp-json\/wp\/v2\/product_cat\/2161","targetHints":{"allow":["GET"]}}],"collection":[{"href":"https:\/\/collection.galerie-gerdes.com\/sl\/wp-json\/wp\/v2\/product_cat"}],"about":[{"href":"https:\/\/collection.galerie-gerdes.com\/sl\/wp-json\/wp\/v2\/taxonomies\/product_cat"}],"up":[{"embeddable":true,"href":"https:\/\/collection.galerie-gerdes.com\/sl\/wp-json\/wp\/v2\/product_cat\/1870"}],"wp:post_type":[{"href":"https:\/\/collection.galerie-gerdes.com\/sl\/wp-json\/wp\/v2\/product?product_cat=2161"}],"curies":[{"name":"wp","href":"https:\/\/api.w.org\/{rel}","templated":true}]}}