{"id":3895,"count":0,"description":"Josef Doerr, rojen 2. maja 1914 v Speyerju in umrl 14. novembra 1999 v istem mestu, je bil pomemben nem\u0161ki slikar in organist. Njegovo \u017eivljenje so zaznamovali pretresi dveh svetovnih vojn ter strast do umetnosti in glasbe.\n\nPo \u0161olanju na humanisti\u010dni gimnaziji in diplomi na u\u010ditelji\u0161\u010du je bil Doerr leta 1939 vpoklican v Wehrmacht. Med vojno se je boril na razli\u010dnih frontah in se domov vrnil \u0161ele leta 1945. Po vojni je za\u010del u\u010diteljsko kariero, ki ga je vodila v razli\u010dne kraje v Pfalzu, dokler se ni leta 1962 dokon\u010dno ustalil v Speyerju. Tam je pou\u010deval na osnovnih in srednjih \u0161olah do upokojitve leta 1977. Vzporedno s pedago\u0161kim delom je razvijal svoj talent kot organist, ki ga je od leta 1962 do svoje smrti leta 1999 izvajal v semeni\u0161\u010du in katedrali v Speyerju.\n\nDoerrovo umetni\u0161ko delo se je za\u010delo pozno, leta 1948, ko se je za\u010del ukvarjati s slikarstvom. Njegova dela odra\u017eajo njegovo osebno raziskovanje barv in oblik, tema, ki ga je zaposlovala vse do smrti. Zlasti za njegova poznej\u0161a dela so zna\u010dilne organske, dinami\u010dne formalne strukture, ki mojstrsko zdru\u017eujejo kontrast med abstrakcijo in figuracijo, kot ga je posre\u010deno opisal Manfred Zach.\n\nKljub izzivom, ki jih je prina\u0161alo \u017eivljenje v senci svetovnih vojn, je Doerr umetni\u0161ko vedno ostal zvest samemu sebi. Samozavestno je sledil svojemu nezamenljivemu slogu in delal izklju\u010dno za slikarsko mizo. Najraje je uporabljal me\u0161ane tehnike, oljno in akrilno slikarstvo, pri \u010demer je razvijal oblike, ki so dajale strukturo barvam, ne da bi v njih prevladovale. Njegova dela so se vse bolj nagibala k abstrakciji, pri \u010demer so bile figure le redko predmet slikanja. Po navdihu umetnosti Vincenta van Gogha je lepoto naravnega mikro- in makrokozmosa prenesel v teko\u010de, dinami\u010dne oblike z intenzivno in idiosinkrati\u010dno uporabo barv.\n\nDoerrova dela se danes nahajajo v priznanih zbirkah, kot sta mestna zbirka Speyer in Mittelrhein-Museum v Koblenzu, in pri\u010dajo o njegovi izjemni umetni\u0161ki nadarjenosti ter globoki povezanosti z doma\u010dim mestom in naravo.","link":"https:\/\/collection.galerie-gerdes.com\/sl\/c\/umetniki\/josef-doerr-sl\/","name":"Josef DOERR","slug":"josef-doerr-sl","taxonomy":"product_cat","parent":1870,"meta":[],"_links":{"self":[{"href":"https:\/\/collection.galerie-gerdes.com\/sl\/wp-json\/wp\/v2\/product_cat\/3895","targetHints":{"allow":["GET"]}}],"collection":[{"href":"https:\/\/collection.galerie-gerdes.com\/sl\/wp-json\/wp\/v2\/product_cat"}],"about":[{"href":"https:\/\/collection.galerie-gerdes.com\/sl\/wp-json\/wp\/v2\/taxonomies\/product_cat"}],"up":[{"embeddable":true,"href":"https:\/\/collection.galerie-gerdes.com\/sl\/wp-json\/wp\/v2\/product_cat\/1870"}],"wp:post_type":[{"href":"https:\/\/collection.galerie-gerdes.com\/sl\/wp-json\/wp\/v2\/product?product_cat=3895"}],"curies":[{"name":"wp","href":"https:\/\/api.w.org\/{rel}","templated":true}]}}