{"id":7712,"count":0,"description":"Michel Wagner se je rodil 20. decembra 1893 v Muschenriedu\/Oberpfalzu in umrl 3. decembra 1965 v M\u00fcnchnu. Bil je nem\u0161ki slikar in kipar, znan kot \u010dlan Juryfreie Kunstausstellung in Neue Gruppe ter velja za del izgubljene generacije.\n\nKot sin kme\u010dkega para Georga in Barbare Wagner je odra\u0161\u010dal v pode\u017eelskem okolju, ki se je pozneje pogosto pojavljalo kot motiv v njegovih delih. Pri petnajstih letih je zapustil kmetijo star\u0161ev in se v M\u00fcnchnu izu\u010dil za peka. Tam je za\u010del ustvarjati tudi svoje prve risbe in jih nekaj poslal Franzu von Defreggerju, ki se je spodbudno odzval. Leta 1910 se je Wagner pe\u0161 odpravil iz M\u00fcnchna v Hamburg, kjer se je vkrcal na tovorno ladjo. Ko je izbruhnila prva svetovna vojna, se je vpisal v mornarico.\n\nPo vojni, leta 1921, se je Wagner odlo\u010dil, da se bo ukvarjal z umetnostjo. Svoje samou\u0161ke spretnosti je \u0161e naprej razvijal pri Lovisu Corinthu in Stanislausu St\u00fcckgoldu. \u017de leta 1923 je razstavljal svoja dela na letni umetni\u0161ki razstavi v m\u00fcnchenskem Glaspalastu. Sledilo je \u0161tudijsko potovanje v Brazilijo v letih 1923\/1924, o katerem je poro\u010dal \u010dasnik K\u00f6lnische Volkszeitung. Po vrnitvi se je poro\u010dil s slikarko Else S\u00e4ulen in se naselil v Hohensch\u00e4ftlarnu pri M\u00fcnchnu.\n\nV tridesetih letih 20. stoletja je bil Wagner \u0161e posebej dejaven na razstavah, kar pa se je po prihodu nacionalsocialistov na oblast nenadoma kon\u010dalo. Po vojni je sodeloval na prvi razstavi modernega slikarstva na Bavarskem \u201eSlikarji sedanjosti\u201c v Schaezlerpalaisu v Augsburgu. Njegova dela so bila do leta 1949 razstavljena na vseh zahodnih okupacijskih obmo\u010djih. V naslednjih letih je sodeloval na razli\u010dnih skupinskih razstavah v Nem\u010diji in tujini.\n\nWagner se je leta 1952 z \u017eeno preselil v M\u00fcnchen, kjer je umrl leto dni po njeni smrti. Svojo hi\u0161o v Hohensch\u00e4ftlarnu je zapu\u0161\u010dal dru\u0161tvu Deutsche K\u00fcnstlerhilfe.\n\nWagner je bil posthumno po\u010da\u0161\u010den s sliko \u201eSeilt\u00e4nzer\u201c na posebni razstavi \u201eDrei Jahrzehnte Neue Gruppe\u201c v Gro\u00dfe Kunstausstellung M\u00fcnchen.\n\nNjegova dela so bila predstavljena na \u0161tevilnih razstavah, med drugim v Glaspalastu v M\u00fcnchnu, Kunsthalle Bremen, Berlin Secession in St\u00e4dtische Galerie v M\u00fcnchnu. Njegova dela so tudi v javnih zbirkah, kot so Bayerische Staatssammlung, St\u00e4dtische Galerie im Lenbachhaus, Galerie Neue Meister v Dresdnu in muzej v Richmondu v Virginiji.","link":"https:\/\/collection.galerie-gerdes.com\/sl\/c\/umetniki\/michel-wagner-sl\/","name":"Michel Wagner","slug":"michel-wagner-sl","taxonomy":"product_cat","parent":1870,"meta":[],"_links":{"self":[{"href":"https:\/\/collection.galerie-gerdes.com\/sl\/wp-json\/wp\/v2\/product_cat\/7712","targetHints":{"allow":["GET"]}}],"collection":[{"href":"https:\/\/collection.galerie-gerdes.com\/sl\/wp-json\/wp\/v2\/product_cat"}],"about":[{"href":"https:\/\/collection.galerie-gerdes.com\/sl\/wp-json\/wp\/v2\/taxonomies\/product_cat"}],"up":[{"embeddable":true,"href":"https:\/\/collection.galerie-gerdes.com\/sl\/wp-json\/wp\/v2\/product_cat\/1870"}],"wp:post_type":[{"href":"https:\/\/collection.galerie-gerdes.com\/sl\/wp-json\/wp\/v2\/product?product_cat=7712"}],"curies":[{"name":"wp","href":"https:\/\/api.w.org\/{rel}","templated":true}]}}