{"id":3924,"count":0,"description":"J\u00e1n Mudroch (Senice, 28 mars 1909 - Bratislava, 4 februari 1968) var en slovakisk m\u00e5lare och l\u00e4rare. En av de viktigaste konstn\u00e4rerna inom den slovakiska modernismen.\n\nMellan 1931 och 1937 studerade han vid Academy of Fine Arts i Prag. Som student d\u00e4r tr\u00e4ffade han de viktigaste representanterna f\u00f6r 1909 \u00e5rs generation. \u00c5r 1937 \u00e5terv\u00e4nde han till Slovakien. Han undervisade vid School of Arts and Crafts. Han var en av de slovakiska konstn\u00e4rer som reagerade p\u00e5 det spanska inb\u00f6rdeskrigets fasor. Fr\u00e5n 1939 var han f\u00f6rel\u00e4sare vid teckningsavdelningen vid Slovakiens tekniska universitet i Bratislava. \u00c5r 1941 slutade han dock att undervisa p\u00e5 grund av sina antifascistiska \u00e5sikter och utesl\u00f6ts ur det slovakiska konstn\u00e4rsf\u00f6rbundet. Under andra v\u00e4rldskriget kritiserades han ofta b\u00e5de konstn\u00e4rligt och m\u00e4nskligt f\u00f6r sina uttalade antikrigs\u00e5sikter. \u00c5r 1946 uts\u00e5gs han till professor vid institutionen f\u00f6r teckning och m\u00e5leri vid SV\u0160T och senare vid utbildningsfakulteten vid Slovakiska universitetet. \u00c5r 1950 uts\u00e5gs han till rektor f\u00f6r den nygrundade konstakademin i Bratislava. Han deltog ocks\u00e5 i skapandet av Slovakiens Nationalgalleri.\n\nHan deltog i skapandet av facktidskrifter och surrealistiska antologier (Dream and Reality). Han m\u00e5lade mestadels i olja p\u00e5 duk. Han koncentrerade sig fr\u00e4mst p\u00e5 figurativt m\u00e5leri och stilleben och anv\u00e4nde sig av metaforer och symboler. F\u00f6re kriget m\u00e5lade han samh\u00e4llsengagerade och dystra m\u00e5lningar (Den m\u00f6rdade poeten, Katastrofen) och lantliga motiv (Kossan). Hans m\u00e4sterverk h\u00e4rr\u00f6r fr\u00e5n tiden kring andra v\u00e4rldskriget (Misfortune). Efter kriget pr\u00e4glades hans stil av poetisk realism (Mor med barn p\u00e5 ryggen, Moderskap, Liggande flicka).\n\n\u00c5r 1963 tilldelades han titeln Artist of Merit och 1968 blev han utn\u00e4mnd till Nationalkonstn\u00e4r.","link":"https:\/\/collection.galerie-gerdes.com\/sv\/c\/artister\/jan-mudroch-sv\/","name":"J\u00e1n MUDROCH","slug":"jan-mudroch-sv","taxonomy":"product_cat","parent":1866,"meta":[],"_links":{"self":[{"href":"https:\/\/collection.galerie-gerdes.com\/sv\/wp-json\/wp\/v2\/product_cat\/3924","targetHints":{"allow":["GET"]}}],"collection":[{"href":"https:\/\/collection.galerie-gerdes.com\/sv\/wp-json\/wp\/v2\/product_cat"}],"about":[{"href":"https:\/\/collection.galerie-gerdes.com\/sv\/wp-json\/wp\/v2\/taxonomies\/product_cat"}],"up":[{"embeddable":true,"href":"https:\/\/collection.galerie-gerdes.com\/sv\/wp-json\/wp\/v2\/product_cat\/1866"}],"wp:post_type":[{"href":"https:\/\/collection.galerie-gerdes.com\/sv\/wp-json\/wp\/v2\/product?product_cat=3924"}],"curies":[{"name":"wp","href":"https:\/\/api.w.org\/{rel}","templated":true}]}}