{"id":4466,"count":0,"description":"Anton Lamprecht f\u00f6ddes den 12 augusti 1901 i Allershausen och dog den 22 januari 1984 i M\u00fcnchen. Han var en ber\u00f6md tysk m\u00e5lare.\n\nLamprecht f\u00f6ddes som utom\u00e4ktenskaplig son till Magdalena Brunner, en tj\u00e4nsteflicka. Hans f\u00f6r\u00e4ldrar gifte sig f\u00f6rst fyra m\u00e5nader efter hans f\u00f6delse. Han v\u00e4xte upp i Freising, d\u00e4r han redan i unga \u00e5r utvecklade sina exceptionella f\u00e4rdigheter i teckning i skolan. Vid 17 \u00e5rs \u00e5lder flyttade Lamprecht f\u00f6rst till M\u00fcnchen och ett \u00e5r senare till D\u00fcsseldorf f\u00f6r att studera vid konstakademin under Lothar von Kunowski. Han avslutade sina studier med h\u00f6gsta betyg efter sex terminer.\n\nEfter ett \u00e5r som l\u00e4rarpraktikant vid gymnasieskolan Ohligs-Wald i Rhenlandet \u00e5terv\u00e4nde Lamprecht 1923 till M\u00fcnchen. D\u00e4r studerade han m\u00e5leri under Karl Caspar vid M\u00fcnchens konstakademi och var involverad i m\u00e5lningen av Bambergs katedral.\n\nLamprecht fick erk\u00e4nnande f\u00f6r sitt arbete och hedrades med staden N\u00fcrnbergs Albrecht D\u00fcrer-pris 1927 och Rom-priset 1929. Han var medlem av Deutscher K\u00fcnstlerbund och Neue Gruppe.\n\nAnton Lamprecht l\u00e4mnade efter sig ett betydande konstn\u00e4rligt arv och avled i M\u00fcnchen vid 82 \u00e5rs \u00e5lder.","link":"https:\/\/collection.galerie-gerdes.com\/sv\/c\/artister\/anton-lamprecht-sv\/","name":"Anton LAMPRECHT","slug":"anton-lamprecht-sv","taxonomy":"product_cat","parent":1866,"meta":[],"_links":{"self":[{"href":"https:\/\/collection.galerie-gerdes.com\/sv\/wp-json\/wp\/v2\/product_cat\/4466","targetHints":{"allow":["GET"]}}],"collection":[{"href":"https:\/\/collection.galerie-gerdes.com\/sv\/wp-json\/wp\/v2\/product_cat"}],"about":[{"href":"https:\/\/collection.galerie-gerdes.com\/sv\/wp-json\/wp\/v2\/taxonomies\/product_cat"}],"up":[{"embeddable":true,"href":"https:\/\/collection.galerie-gerdes.com\/sv\/wp-json\/wp\/v2\/product_cat\/1866"}],"wp:post_type":[{"href":"https:\/\/collection.galerie-gerdes.com\/sv\/wp-json\/wp\/v2\/product?product_cat=4466"}],"curies":[{"name":"wp","href":"https:\/\/api.w.org\/{rel}","templated":true}]}}