{"id":6002,"count":0,"description":"Fran\u00e7ois Clouet, \u00e4ven k\u00e4nd som Fran\u00e7ois Janet, f\u00f6ddes i Tours 1510 och dog i Paris den 22 september 1572. Han var en fransk m\u00e5lare.\nClouets far, den holl\u00e4ndske m\u00e5laren Jean Clouet, bosatte sig f\u00f6rst i Tours och senare i Paris. P\u00e5 grund av sitt f\u00f6rnamn Jean var han \u00e4ven k\u00e4nd som Janet (egentligen Jehannet). Denna anv\u00e4ndning av hans namn ledde till f\u00f6rvirring, eftersom hans son ocks\u00e5 ibland bar efternamnet Janet.\n\u00c5r 1541 fick Fran\u00e7ois Clouet franskt medborgarskap och tj\u00e4nstgjorde som hovm\u00e5lare hos kungarna Frans I, Henrik II och Karl IX.\nClouets m\u00e5lningar visar tydligt inflytandet fr\u00e5n hans holl\u00e4ndska ursprung. De \u00e4r fint arbetade, ofta i en dominerande silvergr\u00e5 ton som f\u00e5r modelleringen av k\u00f6ttet att framst\u00e5 som n\u00e5got platt. J\u00e4mf\u00f6rt med Holbein, som vissa av hans verk felaktigt har tillskrivits, n\u00e5r han inte upp till samma niv\u00e5. Clouet tillskrivs den andra skolan i Fontainebleau.\nEtt av hans viktigaste verk \u00e4r portr\u00e4ttet av Karl IX i naturlig storlek i Belvedere i Wien. I Louvren i Paris finns ocks\u00e5 portr\u00e4tt av Karl IX och Elisabeth av \u00d6sterrike. En samling av 88 portr\u00e4tt av medlemmar av det franska hovet, tecknade med svart och r\u00f6d krita, finns i Howard Castle.\nEtt v\u00e4lk\u00e4nt verk av Clouet \u00e4r m\u00e5lningen \u201dDamen i badet\u201d, som ursprungligen identifierades som en avbildning av Diane de Poitiers, men som troligen liknar Marie Touchet, Karl IX:s \u00e4lskarinna. Ett stort antal teckningar, fr\u00e4mst i Mus\u00e9e Cond\u00e9, tillskrivs ocks\u00e5 honom.","link":"https:\/\/collection.galerie-gerdes.com\/sv\/c\/artister\/francois-clouet-sv\/","name":"Francois Clouet","slug":"francois-clouet-sv","taxonomy":"product_cat","parent":1866,"meta":[],"_links":{"self":[{"href":"https:\/\/collection.galerie-gerdes.com\/sv\/wp-json\/wp\/v2\/product_cat\/6002","targetHints":{"allow":["GET"]}}],"collection":[{"href":"https:\/\/collection.galerie-gerdes.com\/sv\/wp-json\/wp\/v2\/product_cat"}],"about":[{"href":"https:\/\/collection.galerie-gerdes.com\/sv\/wp-json\/wp\/v2\/taxonomies\/product_cat"}],"up":[{"embeddable":true,"href":"https:\/\/collection.galerie-gerdes.com\/sv\/wp-json\/wp\/v2\/product_cat\/1866"}],"wp:post_type":[{"href":"https:\/\/collection.galerie-gerdes.com\/sv\/wp-json\/wp\/v2\/product?product_cat=6002"}],"curies":[{"name":"wp","href":"https:\/\/api.w.org\/{rel}","templated":true}]}}