{"id":7236,"count":0,"description":"Jana Zanoskar (* 1965 i Ljubljana, Slovenien) \u00e4r en slovensk konstn\u00e4r. Hon \u00e4r f\u00f6dd i Ljubljana, en stad som f\u00f6rknippas med myten om Jason och argonauterna, och bor och arbetar sedan m\u00e5nga \u00e5r i Toscana.\n\nSom m\u00e5lare \u00e4r Zanoskar k\u00e4nd f\u00f6r sina mystiska, dr\u00f6mlika \u00f6gonblick d\u00e4r hon skickligt anv\u00e4nder former, tecken och f\u00e4rger f\u00f6r att omforma verkligheten i en lyrisk, objektiv ton. I sin abstrakta forskning uppvisar konstn\u00e4ren ett s\u00f6kande medvetande som manifesterar sig i helt nya uttrycksformer. P\u00e5 s\u00e5 s\u00e4tt bekr\u00e4ftar hon k\u00e4nslan av form som ren vitalitet, som vittnar om f\u00e4rgens abstrakta klang och volymens rytm och g\u00e5r in i en k\u00e4rleksfull dialog med det kromatiska materialet.\n\nHennes utpr\u00e4glade f\u00f6rk\u00e4rlek f\u00f6r abstrakta geometriska former beror utan tvekan p\u00e5 den stiliserande smak som starkt p\u00e5verkade henne. Den materiella rikedomen som uppst\u00e5r genom att material av olika karakt\u00e4r och ursprung integreras i m\u00e5lningen och den rikliga anv\u00e4ndningen av f\u00e4rgpastor, som st\u00e4ndigt uppfinns p\u00e5 nytt, avsl\u00f6jar en s\u00e4ker beh\u00e4rskning av uttrycksmedlen. Dessa medel kan \u00e5terge plasticitet och volym, egenskaper som p\u00e5minner om klassicism.","link":"https:\/\/collection.galerie-gerdes.com\/sv\/c\/artister\/jana-zanoskar-sv\/","name":"Jana Zanoskar","slug":"jana-zanoskar-sv","taxonomy":"product_cat","parent":1866,"meta":[],"_links":{"self":[{"href":"https:\/\/collection.galerie-gerdes.com\/sv\/wp-json\/wp\/v2\/product_cat\/7236","targetHints":{"allow":["GET"]}}],"collection":[{"href":"https:\/\/collection.galerie-gerdes.com\/sv\/wp-json\/wp\/v2\/product_cat"}],"about":[{"href":"https:\/\/collection.galerie-gerdes.com\/sv\/wp-json\/wp\/v2\/taxonomies\/product_cat"}],"up":[{"embeddable":true,"href":"https:\/\/collection.galerie-gerdes.com\/sv\/wp-json\/wp\/v2\/product_cat\/1866"}],"wp:post_type":[{"href":"https:\/\/collection.galerie-gerdes.com\/sv\/wp-json\/wp\/v2\/product?product_cat=7236"}],"curies":[{"name":"wp","href":"https:\/\/api.w.org\/{rel}","templated":true}]}}