{"id":7264,"count":0,"description":"Jean Barptiste var en fransk m\u00e5lare fr\u00e5n 1900-talet som st\u00e4llde ut p\u00e5 Salon des Ind\u00e9pendants.","link":"https:\/\/collection.galerie-gerdes.com\/sv\/c\/artister\/jean-barptiste-sv\/","name":"Jean Barptiste","slug":"jean-barptiste-sv","taxonomy":"product_cat","parent":1866,"meta":[],"_links":{"self":[{"href":"https:\/\/collection.galerie-gerdes.com\/sv\/wp-json\/wp\/v2\/product_cat\/7264","targetHints":{"allow":["GET"]}}],"collection":[{"href":"https:\/\/collection.galerie-gerdes.com\/sv\/wp-json\/wp\/v2\/product_cat"}],"about":[{"href":"https:\/\/collection.galerie-gerdes.com\/sv\/wp-json\/wp\/v2\/taxonomies\/product_cat"}],"up":[{"embeddable":true,"href":"https:\/\/collection.galerie-gerdes.com\/sv\/wp-json\/wp\/v2\/product_cat\/1866"}],"wp:post_type":[{"href":"https:\/\/collection.galerie-gerdes.com\/sv\/wp-json\/wp\/v2\/product?product_cat=7264"}],"curies":[{"name":"wp","href":"https:\/\/api.w.org\/{rel}","templated":true}]}}