{"id":1253,"count":0,"description":"Imrich Weiner-Kr\u00e1\u013e (1901-1978) olarak da bilinen Imro Weiner-Kr\u00e1\u013e, Slovak S\u00fcrrealizmi ve Art Nouveau Ekspresyonizminin en \u00f6zg\u00fcn temsilcilerinden biri olarak kabul edilen Slovakyal\u0131 bir ressam ve grafik sanat\u00e7\u0131s\u0131yd\u0131.\n\nPova\u017esk\u00e1 Bystrica'da do\u011fan Weiner-Kr\u00e1\u013e, 1919-1922 y\u0131llar\u0131 aras\u0131nda Prag'daki \u00c7ek Teknik \u00dcniversitesi ile Sanat ve El Sanatlar\u0131 Okulu'nda mimarl\u0131k ve resim e\u011fitimi ald\u0131. E\u011fitimine 1922'den itibaren D\u00fcsseldorf G\u00fczel Sanatlar Akademisi'nde ve 1923'ten itibaren Berlin G\u00fczel Sanatlar Akademisi'nde devam etti. 1924'ten itibaren Paris'teki \u00c9cole des Beaux-Arts'ta e\u011fitim g\u00f6rd\u00fc.\n\nWeiner-Kr\u00e1\u013e Paris'te k\u0131sa bir s\u00fcre Colarossi ve Grande Chaumi\u00e8re st\u00fcdyolar\u0131nda \u00e7al\u0131\u015ft\u0131ktan sonra ayn\u0131 y\u0131l Slovakya'ya d\u00f6nd\u00fc ve Pova\u017esk\u00e1 Bystrica'ya yerle\u015fti. 1929 ve 1932 y\u0131llar\u0131 aras\u0131nda Bratislava'da ve daha sonra Berlin'de ya\u015fad\u0131. \u0130lk s\u00fcrrealist sergisi 1936'da Bratislava'da ressam F. Mal\u00fd ile birlikte ger\u00e7ekle\u015fti. 1938'de Paris'e g\u00f6\u00e7 etti ve anti-fa\u015fist direni\u015fe kat\u0131ld\u0131. Paris'ten 1950'de s\u0131n\u0131r d\u0131\u015f\u0131 edildi ve k\u0131sa bir s\u00fcre Prag ve Pova\u017esk\u00e1 Bystrica'da ya\u015fad\u0131ktan sonra \u00f6l\u00fcm\u00fcne kadar kalaca\u011f\u0131 Bratislava'ya yerle\u015fti.\n\nWeiner-Kr\u00e1\u013e'in eserleri Slovakya peyzaj\u0131ndaki ya\u015fam\u0131 ele al\u0131r ve Yahudi k\u00f6kenlerini ve zaman\u0131n\u0131n sosyal sorunlar\u0131n\u0131 tematize etmek i\u00e7in r\u00fcya sembollerini kullan\u0131r. Resim yapman\u0131n yan\u0131 s\u0131ra grafik sanat\u00e7\u0131s\u0131, ill\u00fcstrat\u00f6r ve poster tasar\u0131mc\u0131s\u0131 olarak da \u00e7al\u0131\u015ft\u0131. \u00c7al\u0131\u015fmalar\u0131 lirik, baladik ve dramatik unsurlar\u0131 birle\u015ftiren h\u00fcmanist kompozisyonlarla karakterize edilir.","link":"https:\/\/collection.galerie-gerdes.com\/tr\/c\/sanatcilar\/imro-weiner-kral-tr\/","name":"Imro Weiner-Kr\u00e1\u013e","slug":"imro-weiner-kral-tr","taxonomy":"product_cat","parent":1863,"meta":[],"_links":{"self":[{"href":"https:\/\/collection.galerie-gerdes.com\/tr\/wp-json\/wp\/v2\/product_cat\/1253","targetHints":{"allow":["GET"]}}],"collection":[{"href":"https:\/\/collection.galerie-gerdes.com\/tr\/wp-json\/wp\/v2\/product_cat"}],"about":[{"href":"https:\/\/collection.galerie-gerdes.com\/tr\/wp-json\/wp\/v2\/taxonomies\/product_cat"}],"up":[{"embeddable":true,"href":"https:\/\/collection.galerie-gerdes.com\/tr\/wp-json\/wp\/v2\/product_cat\/1863"}],"wp:post_type":[{"href":"https:\/\/collection.galerie-gerdes.com\/tr\/wp-json\/wp\/v2\/product?product_cat=1253"}],"curies":[{"name":"wp","href":"https:\/\/api.w.org\/{rel}","templated":true}]}}