{"id":2154,"count":0,"description":"Alfred Herbert Georg Seidel (1 Kas\u0131m 1913 - 20 Kas\u0131m 2001), \u00e7al\u0131\u015fmalar\u0131 \u00e7ok \u00e7e\u015fitli sanatsal ifade bi\u00e7imlerini kapsayan \u00f6nemli bir Alman grafik sanat\u00e7\u0131s\u0131 ve ressamd\u0131.\n\n1 Kas\u0131m 1913'te Breslau'da do\u011fan Alfred Seidel, Birinci D\u00fcnya Sava\u015f\u0131 s\u0131ras\u0131nda babas\u0131 Otto'nun \u00f6l\u00fcm\u00fcnden k\u0131sa bir s\u00fcre sonra annesi Maria taraf\u0131ndan Yukar\u0131 Silezya'daki Scharley ya da Deutsch-Piekar kasabas\u0131na g\u00f6t\u00fcr\u00fcld\u00fc ve burada k\u0131z karde\u015fi Helene ile birlikte akrabalar\u0131n\u0131n yan\u0131nda b\u00fcy\u00fcd\u00fc. O zamanki Rusya s\u0131n\u0131r\u0131na yak\u0131n k\u00f6m\u00fcr sahalar\u0131n\u0131n bi\u00e7imlendirici ortam\u0131, erken geli\u015fimi \u00fczerinde \u00f6nemli bir etkiye sahipti.\n\nSanata olan yetene\u011fi, \u00f6zellikle 1924'ten itibaren devam etti\u011fi Beuthen'deki Realgymnasium'daki okul y\u0131llar\u0131nda \u00f6zenli bir resim \u00f6\u011fretmeni taraf\u0131ndan erken fark edildi ve te\u015fvik edildi. Seidel gen\u00e7 ya\u015fta bir sanat\u00e7\u0131 olarak \u00e7a\u011fr\u0131ld\u0131\u011f\u0131n\u0131 hissetti.\n\nLiseden mezun olmadan k\u0131sa bir s\u00fcre \u00f6nce Realgymnasium'dan ayr\u0131ld\u0131ktan sonra, 1933 y\u0131l\u0131nda tiyatro ressam\u0131 olarak e\u011fitim almaya ba\u015flad\u0131. Bunu Bytom'daki Yukar\u0131 Silezya Landestheater'da ve daha sonra ilk tiyatro ressam\u0131 ve st\u00fcdyo y\u00f6neticisi oldu\u011fu Salzburg'daki Stadttheater'da ald\u0131\u011f\u0131 g\u00f6revler izledi.\n\n\u0130kinci D\u00fcnya Sava\u015f\u0131 s\u0131ras\u0131nda Seidel iki kez yaraland\u0131 ve sa\u011f g\u00f6z\u00fcn\u00fc kaybetti. Bu engeline ra\u011fmen sanata olan tutkusu hi\u00e7 azalmad\u0131. \u00c7ok say\u0131da bask\u0131, \u00e7izim, resim, kilise odalar\u0131 i\u00e7in vitray pencereler ve heykeller yaratt\u0131. Edebiyata duydu\u011fu derin sevgi de ill\u00fcstrasyonlar\u0131na ve edebi eserlerine yans\u0131d\u0131.\n\n1945'te Amerikan esaretinden kurtulduktan sonra Seidel \u00f6nce Sillenbuch'ta, 1954'ten itibaren de Schorndorf'ta yeni bir ev buldu. Burada uzun y\u0131llar Esslingen Sanat\u00e7\u0131lar Birli\u011fi'nin bir \u00fcyesi oldu.\n\nAlfred Seidel, 20 Kas\u0131m 2001'de Schorndorf'ta e\u015fi Elisabeth ve \u00fc\u00e7 \u00e7ocu\u011fu Susanne, Matthias ve Christoph'un yan\u0131nda hayata g\u00f6zlerini yumdu. Miras\u00e7\u0131lar\u0131 2017 y\u0131l\u0131nda eserlerinin \u00f6nemli bir b\u00f6l\u00fcm\u00fcn\u00fc Schorndorf kasabas\u0131na miras b\u0131rakt\u0131.","link":"https:\/\/collection.galerie-gerdes.com\/tr\/c\/sanatcilar\/alfred-georg-seidel-tr\/","name":"Alfred Georg Seidel","slug":"alfred-georg-seidel-tr","taxonomy":"product_cat","parent":1863,"meta":[],"_links":{"self":[{"href":"https:\/\/collection.galerie-gerdes.com\/tr\/wp-json\/wp\/v2\/product_cat\/2154","targetHints":{"allow":["GET"]}}],"collection":[{"href":"https:\/\/collection.galerie-gerdes.com\/tr\/wp-json\/wp\/v2\/product_cat"}],"about":[{"href":"https:\/\/collection.galerie-gerdes.com\/tr\/wp-json\/wp\/v2\/taxonomies\/product_cat"}],"up":[{"embeddable":true,"href":"https:\/\/collection.galerie-gerdes.com\/tr\/wp-json\/wp\/v2\/product_cat\/1863"}],"wp:post_type":[{"href":"https:\/\/collection.galerie-gerdes.com\/tr\/wp-json\/wp\/v2\/product?product_cat=2154"}],"curies":[{"name":"wp","href":"https:\/\/api.w.org\/{rel}","templated":true}]}}