{"id":2243,"count":0,"description":"Alman ressam ve sanat\u00e7\u0131 Alfred N\u00f6meier 1938 y\u0131l\u0131nda M\u00fcnih'te do\u011fdu. M\u00fcnih'te Profes\u00f6r Georg Arnold ve New York'ta Norman Philips'ten e\u011fitim ald\u0131.","link":"https:\/\/collection.galerie-gerdes.com\/tr\/c\/sanatcilar\/alfred-noemeier-tr\/","name":"Alfred N\u00f6meier","slug":"alfred-noemeier-tr","taxonomy":"product_cat","parent":1863,"meta":[],"_links":{"self":[{"href":"https:\/\/collection.galerie-gerdes.com\/tr\/wp-json\/wp\/v2\/product_cat\/2243","targetHints":{"allow":["GET"]}}],"collection":[{"href":"https:\/\/collection.galerie-gerdes.com\/tr\/wp-json\/wp\/v2\/product_cat"}],"about":[{"href":"https:\/\/collection.galerie-gerdes.com\/tr\/wp-json\/wp\/v2\/taxonomies\/product_cat"}],"up":[{"embeddable":true,"href":"https:\/\/collection.galerie-gerdes.com\/tr\/wp-json\/wp\/v2\/product_cat\/1863"}],"wp:post_type":[{"href":"https:\/\/collection.galerie-gerdes.com\/tr\/wp-json\/wp\/v2\/product?product_cat=2243"}],"curies":[{"name":"wp","href":"https:\/\/api.w.org\/{rel}","templated":true}]}}