{"id":2272,"count":0,"description":"Alois Arnegger sanat e\u011fitimini Viyana'daki \u00fcnl\u00fc G\u00fczel Sanatlar Akademisi'nde Robert Russ ve August Eisenmenger gibi \u00fcnl\u00fc hocalar\u0131n rehberli\u011finde tamamlad\u0131. Manzara ressam\u0131 olarak \u00fcst\u00fcn yetenekleri k\u0131sa s\u00fcrede sanat d\u00fcnyas\u0131nda tan\u0131nmas\u0131n\u0131 sa\u011flad\u0131. Kariyerinin ilk y\u0131llar\u0131nda kendini \u00f6zellikle g\u00f6rkemli Alpler ve yaz tatillerini ge\u00e7irmeyi sevdi\u011fi pitoresk ba\u011fc\u0131l\u0131k k\u00f6y\u00fc Senftenberg de dahil olmak \u00fczere Avusturya manzaralar\u0131n\u0131 resmetmeye adad\u0131. Alt\u0131 \u00e7ocu\u011fundan d\u00f6rd\u00fcn\u00fcn - Gottfried (1908), Maria (1909), Auguste (1912) ve Ernest (1917) - do\u011fum yeri olan pastoral Hinterbr\u00fchl de onun i\u00e7in bir ilham kayna\u011f\u0131 oldu.\n\n1920'lerde \u0130talya'ya yapt\u0131\u011f\u0131 kapsaml\u0131 inceleme gezilerinin ard\u0131ndan Arnegger'in yarat\u0131c\u0131 oda\u011f\u0131 giderek Akdeniz k\u0131y\u0131 manzaralar\u0131na kayd\u0131. Eserleri, Napoli, Capri ve San Remo gibi yerlere duydu\u011fu hayranl\u0131\u011fa tan\u0131kl\u0131k eder ve bu yerleri usta f\u0131r\u00e7a darbeleri ve atmosfer duygusuyla yakalar.\n\nArnegger, d\u00f6neminin di\u011fer baz\u0131 manzara ressamlar\u0131n\u0131n gelene\u011fine uygun olarak, sanayile\u015fme ve sava\u015flar\u0131n damgas\u0131n\u0131 vurdu\u011fu bir toplumu yat\u0131\u015ft\u0131rmaya \u00e7al\u0131\u015fm\u0131\u015ft\u0131r. Genellikle \u201cAlp romantizmi\u201d olarak adland\u0131r\u0131lan bir bi\u00e7imde, bozulmam\u0131\u015f do\u011faya ve bozulmam\u0131\u015f bir d\u00fcnyaya duyulan \u00f6zlemi canland\u0131rmaya \u00e7al\u0131\u015ft\u0131. Bu \u00e7abalar\u0131 sayesinde sonunda hat\u0131r\u0131 say\u0131l\u0131r bir \u00fcne kavu\u015ftu.\n\nAlois Arnegger 1963 y\u0131l\u0131nda 84 ya\u015f\u0131ndayken Viyana'da \u00f6ld\u00fc. O\u011flu Gottfried Arnegger (1908-1943) de ailenin sanat yolunu izledi ve ressam olarak ad\u0131n\u0131 duyurdu.","link":"https:\/\/collection.galerie-gerdes.com\/tr\/c\/sanatcilar\/alois-arnegger-tr\/","name":"Alois ARNEGGER","slug":"alois-arnegger-tr","taxonomy":"product_cat","parent":1863,"meta":[],"_links":{"self":[{"href":"https:\/\/collection.galerie-gerdes.com\/tr\/wp-json\/wp\/v2\/product_cat\/2272","targetHints":{"allow":["GET"]}}],"collection":[{"href":"https:\/\/collection.galerie-gerdes.com\/tr\/wp-json\/wp\/v2\/product_cat"}],"about":[{"href":"https:\/\/collection.galerie-gerdes.com\/tr\/wp-json\/wp\/v2\/taxonomies\/product_cat"}],"up":[{"embeddable":true,"href":"https:\/\/collection.galerie-gerdes.com\/tr\/wp-json\/wp\/v2\/product_cat\/1863"}],"wp:post_type":[{"href":"https:\/\/collection.galerie-gerdes.com\/tr\/wp-json\/wp\/v2\/product?product_cat=2272"}],"curies":[{"name":"wp","href":"https:\/\/api.w.org\/{rel}","templated":true}]}}