{"id":5886,"count":0,"description":"Eduard Deventer, 12 Temmuz 1864'te Hamm'da do\u011fmu\u015f ve 1928'de Berlin'de \u00f6lm\u00fc\u015f bir ressamd\u0131r.\n\nEduard Deventer \u00e7ocuklu\u011funu ailesinin Hamm'da Kentroper Weg 40 adresindeki evinde ge\u00e7irdi. Bernhard ve Johanna Deventer-Isselhorst'un be\u015f \u00e7ocu\u011funun en b\u00fcy\u00fc\u011f\u00fcyd\u00fc. Babas\u0131, o d\u00f6nemde Hamm'da yayg\u0131n bir meslek olan ressam olarak \u00e7al\u0131\u015f\u0131yordu.\n\nEduard Deventer 1925 y\u0131l\u0131nda Berlin yak\u0131nlar\u0131ndaki Zehlendorf'ta ya\u015f\u0131yordu. Sanat kariyerine bir zanaatkar olarak ba\u015flad\u0131 ve daha sonra D\u00fcsseldorf ve M\u00fcnih'teki sanat ve zanaat okullar\u0131nda \u00f6\u011frenci oldu. Berlin'deki Sanat Akademisi'nde e\u011fitim g\u00f6rd\u00fckten sonra \u00e7ok say\u0131da sanat yolculu\u011funa \u00e7\u0131kt\u0131. \u0130talya ve Almanya'dan manzaralar, imparator portreleri ve di\u011fer portreler de dahil olmak \u00fczere eserlerinin \u00e7o\u011fu \u00f6zel m\u00fclkiyettedir. Di\u011ferlerinin yan\u0131 s\u0131ra Gustav L\u00fcbcke M\u00fczesi'nde resim, suluboya ve \u00e7izimler yapt\u0131 ve sundu.","link":"https:\/\/collection.galerie-gerdes.com\/tr\/c\/sanatcilar\/eduard-deventer-tr\/","name":"Eduard Deventer","slug":"eduard-deventer-tr","taxonomy":"product_cat","parent":1863,"meta":[],"_links":{"self":[{"href":"https:\/\/collection.galerie-gerdes.com\/tr\/wp-json\/wp\/v2\/product_cat\/5886","targetHints":{"allow":["GET"]}}],"collection":[{"href":"https:\/\/collection.galerie-gerdes.com\/tr\/wp-json\/wp\/v2\/product_cat"}],"about":[{"href":"https:\/\/collection.galerie-gerdes.com\/tr\/wp-json\/wp\/v2\/taxonomies\/product_cat"}],"up":[{"embeddable":true,"href":"https:\/\/collection.galerie-gerdes.com\/tr\/wp-json\/wp\/v2\/product_cat\/1863"}],"wp:post_type":[{"href":"https:\/\/collection.galerie-gerdes.com\/tr\/wp-json\/wp\/v2\/product?product_cat=5886"}],"curies":[{"name":"wp","href":"https:\/\/api.w.org\/{rel}","templated":true}]}}