{"id":5977,"count":0,"description":"Viyana'da 13 Nisan 1932'de do\u011fan ve 21 Nisan 2009'da son tuvaline dokunan Felix Kieninger, ard\u0131nda ola\u011fan\u00fcst\u00fc bir sanatsal incelik miras\u0131 b\u0131rakt\u0131. Renk kompozisyonlar\u0131 a\u00e7\u0131k bir \u015fekilde usta Paul C\u00e9zanne'\u0131n tekni\u011fini an\u0131msat\u0131r. Kieninger, Frans\u0131z ressam\u0131n koydu\u011fu kurallar\u0131 b\u00fcy\u00fck bir ustal\u0131kla uygulad\u0131. Bununla birlikte, i\u00e7erik a\u00e7\u0131s\u0131ndan soyut bir yol izledi ve bu da eserlerine kendine has \u00f6zellikler kazand\u0131rd\u0131.\n\nBask\u0131lar\u0131ndaki incelik, renk paletinin canl\u0131l\u0131\u011f\u0131yla uyumlu bir \u015fekilde harmanlan\u0131r. Bu canl\u0131 renkler, hi\u00e7 \u015f\u00fcphesiz do\u011fdu\u011fu yer olan Viyana'n\u0131n k\u00fclt\u00fcrel atmosferinden esinlenerek manzaralara bir m\u00fczik notas\u0131 katar.","link":"https:\/\/collection.galerie-gerdes.com\/tr\/c\/sanatcilar\/felix-kieninger-tr\/","name":"Felix KIENINGER","slug":"felix-kieninger-tr","taxonomy":"product_cat","parent":1863,"meta":[],"_links":{"self":[{"href":"https:\/\/collection.galerie-gerdes.com\/tr\/wp-json\/wp\/v2\/product_cat\/5977","targetHints":{"allow":["GET"]}}],"collection":[{"href":"https:\/\/collection.galerie-gerdes.com\/tr\/wp-json\/wp\/v2\/product_cat"}],"about":[{"href":"https:\/\/collection.galerie-gerdes.com\/tr\/wp-json\/wp\/v2\/taxonomies\/product_cat"}],"up":[{"embeddable":true,"href":"https:\/\/collection.galerie-gerdes.com\/tr\/wp-json\/wp\/v2\/product_cat\/1863"}],"wp:post_type":[{"href":"https:\/\/collection.galerie-gerdes.com\/tr\/wp-json\/wp\/v2\/product?product_cat=5977"}],"curies":[{"name":"wp","href":"https:\/\/api.w.org\/{rel}","templated":true}]}}