{"id":6004,"count":0,"description":"Fran\u00e7ois Clouet, Fran\u00e7ois Janet olarak da bilinir, 1510 y\u0131l\u0131nda Tours'da do\u011fdu ve 22 Eyl\u00fcl 1572'de Paris'te \u00f6ld\u00fc. Frans\u0131z bir ressamd\u0131.\nClouet'nin babas\u0131 Hollandal\u0131 ressam Jean Clouet \u00f6nce Tours'a, daha sonra da Paris'e yerle\u015fmi\u015ftir. \u0130lk ad\u0131 Jean oldu\u011fu i\u00e7in Janet (asl\u0131nda Jehannet) olarak da bilinirdi. O\u011flu da zaman zaman Janet soyad\u0131n\u0131 ta\u015f\u0131d\u0131\u011f\u0131 i\u00e7in isminin bu \u015fekilde kullan\u0131lmas\u0131 kar\u0131\u015f\u0131kl\u0131\u011fa yol a\u00e7m\u0131\u015ft\u0131r.\n1541'de Fran\u00e7ois Clouet'ye Frans\u0131z vatanda\u015fl\u0131\u011f\u0131 verildi ve Kral I. Francis, II. Henry ve IX. Charles'\u0131n saray ressam\u0131 olarak g\u00f6rev yapt\u0131.\nClouet'nin resimleri Hollandal\u0131 k\u00f6kenlerinin etkisini a\u00e7\u0131k\u00e7a g\u00f6stermektedir. \u0130nce bir i\u015f\u00e7ili\u011fe sahip olan bu tablolarda, genellikle g\u00fcm\u00fc\u015f grisi tonlar bask\u0131nd\u0131r ve bu da et modellemelerinin biraz d\u00fcz g\u00f6r\u00fcnmesine neden olur. Baz\u0131 eserlerinin yanl\u0131\u015fl\u0131kla atfedildi\u011fi Holbein ile kar\u015f\u0131la\u015ft\u0131r\u0131ld\u0131\u011f\u0131nda, ayn\u0131 seviyeye ula\u015fmaz. Clouet, Fontainebleau'nun \u0130kinci Ekol\u00fc'ne atfedilir.\nEn \u00f6nemli eserlerinden biri Viyana'daki Belvedere'de bulunan IX Charles'\u0131n ger\u00e7ek boyutlu portresidir. Paris'teki Louvre M\u00fczesi de Charles IX ve Avusturyal\u0131 Elisabeth'in portrelerine ev sahipli\u011fi yapmaktad\u0131r. Frans\u0131z saray mensuplar\u0131n\u0131n siyah ve k\u0131rm\u0131z\u0131 tebe\u015firle \u00e7izilmi\u015f 88 portresinden olu\u015fan bir koleksiyon Howard Kalesi'nde bulunabilir.\nClouet'nin iyi bilinen bir eseri, ba\u015flang\u0131\u00e7ta Diane de Poitiers'in bir tasviri olarak tan\u0131mlanan, ancak muhtemelen Charles IX'un metresi Marie Touchet'ye benzeyen \u201cBanyodaki Kad\u0131n\u201d tablosudur. \u00c7o\u011funlu\u011fu Mus\u00e9e Cond\u00e9'de bulunan \u00e7ok say\u0131da \u00e7izim de ona atfedilmektedir.","link":"https:\/\/collection.galerie-gerdes.com\/tr\/c\/sanatcilar\/francois-clouet-tr\/","name":"Francois Clouet","slug":"francois-clouet-tr","taxonomy":"product_cat","parent":1863,"meta":[],"_links":{"self":[{"href":"https:\/\/collection.galerie-gerdes.com\/tr\/wp-json\/wp\/v2\/product_cat\/6004","targetHints":{"allow":["GET"]}}],"collection":[{"href":"https:\/\/collection.galerie-gerdes.com\/tr\/wp-json\/wp\/v2\/product_cat"}],"about":[{"href":"https:\/\/collection.galerie-gerdes.com\/tr\/wp-json\/wp\/v2\/taxonomies\/product_cat"}],"up":[{"embeddable":true,"href":"https:\/\/collection.galerie-gerdes.com\/tr\/wp-json\/wp\/v2\/product_cat\/1863"}],"wp:post_type":[{"href":"https:\/\/collection.galerie-gerdes.com\/tr\/wp-json\/wp\/v2\/product?product_cat=6004"}],"curies":[{"name":"wp","href":"https:\/\/api.w.org\/{rel}","templated":true}]}}