{"id":6341,"count":0,"description":"Gustav Barbarini, 17 Haziran 1840'ta Viyana'da do\u011fdu ve 16 May\u0131s 1909'da M\u00f6dling yak\u0131nlar\u0131ndaki Hinterbr\u00fchl'de \u00f6ld\u00fc. Avusturyal\u0131 bir manzara ressam\u0131 ve \u00fcnl\u00fc sanat\u00e7\u0131 Franz Barbarini'nin o\u011fluydu.\n\nBarbarini sanatsal e\u011fitimini 1857'de \u00f6\u011frenim g\u00f6rd\u00fc\u011f\u00fc G\u00fczel Sanatlar Akademisi'nde ald\u0131. Eserleri \u00d6sterreichischer Kunstverein taraf\u0131ndan d\u00fczenlenen sergilerde d\u00fczenli olarak sunuldu ve 1887'den itibaren bu sergilere aktif olarak kat\u0131ld\u0131. Motiflerini \u00e7o\u011funlukla Viyana Orman\u0131'nda ve Avusturya da\u011flar\u0131nda buldu ve bunlar\u0131 resimlerinde yakalad\u0131.\n\n\u00d6l\u00fcm\u00fcnden sonra Gustav Barbarini'nin miras\u0131 1911 y\u0131l\u0131nda \u00fcnl\u00fc Dorotheum m\u00fczayede evinde a\u00e7\u0131k art\u0131rmaya \u00e7\u0131kar\u0131ld\u0131. Barbarini'nin sanatsal miras\u0131 ve manzara resmine katk\u0131lar\u0131, Avusturya sanat d\u00fcnyas\u0131nda onun ad\u0131n\u0131 \u00f6l\u00fcms\u00fczle\u015ftirdi ve eserleri, g\u00fczellikleri ve do\u011fa tasvirleriyle takdir edilmeye devam ediyor.","link":"https:\/\/collection.galerie-gerdes.com\/tr\/c\/sanatcilar\/gustav-barbarini-tr\/","name":"Gustav Barbarini","slug":"gustav-barbarini-tr","taxonomy":"product_cat","parent":1863,"meta":[],"_links":{"self":[{"href":"https:\/\/collection.galerie-gerdes.com\/tr\/wp-json\/wp\/v2\/product_cat\/6341","targetHints":{"allow":["GET"]}}],"collection":[{"href":"https:\/\/collection.galerie-gerdes.com\/tr\/wp-json\/wp\/v2\/product_cat"}],"about":[{"href":"https:\/\/collection.galerie-gerdes.com\/tr\/wp-json\/wp\/v2\/taxonomies\/product_cat"}],"up":[{"embeddable":true,"href":"https:\/\/collection.galerie-gerdes.com\/tr\/wp-json\/wp\/v2\/product_cat\/1863"}],"wp:post_type":[{"href":"https:\/\/collection.galerie-gerdes.com\/tr\/wp-json\/wp\/v2\/product?product_cat=6341"}],"curies":[{"name":"wp","href":"https:\/\/api.w.org\/{rel}","templated":true}]}}