{"id":6570,"count":0,"description":"Hans Hunziker (1927-1987) suluboya, ya\u011fl\u0131boya ve serigrafi \u00e7al\u0131\u015fmalar\u0131yla tan\u0131nan \u0130svi\u00e7reli bir ressamd\u0131r.\n\nZ\u00fcrih'te do\u011fup b\u00fcy\u00fcyen Hunziker, e\u011fitimini Z\u00fcrih Sanat ve El Sanatlar\u0131 Okulu'nda ve Z\u00fcrihli sanat\u00e7\u0131 Henri Wabel'in sanat okulunda tamamlad\u0131. \u00c7al\u0131\u015fmalar\u0131na Paris'teki \u201cGrande Chaumi\u00e8re \u201dde devam etti ve burada hayat\u0131n\u0131n sonuna kadar korudu\u011fu karakteristik tarz\u0131n\u0131 geli\u015ftirdi. Hunziker ayr\u0131ca Lahey'deki \u00d6zg\u00fcr Akademi'de de e\u011fitim g\u00f6rd\u00fc.\n\nHunziker, y\u00fcr\u00fcyerek ger\u00e7ekle\u015ftirdi\u011fi Avrupa seyahatleri s\u0131ras\u0131nda sanatsal geli\u015fiminde \u00f6nemli bir a\u015fama ya\u015fad\u0131. Hamburg'dan Marsilya'ya y\u00fcr\u00fcd\u00fc ve daha sonra \u0130talya ve Fransa'y\u0131 dola\u015ft\u0131. Hemingway ve Miller'\u0131n eski dairelerinde ya\u015fad\u0131\u011f\u0131 Paris'te d\u00f6rt y\u0131l ge\u00e7irdi ve \u00fc\u00e7 y\u0131l Jean Tinguely ile \u00e7al\u0131\u015ft\u0131.\n\nHunziker 1970'lerde e\u015fi Sylvia Hunziker-Laubscher, k\u0131zlar\u0131 Nathalie ve Claudia'dan olu\u015fan ailesi ve \u00e7ok say\u0131da hayvan\u0131yla birlikte d\u00f6rt y\u0131l boyunca Bichwil'deki Mettlen \u00e7iftli\u011finde ya\u015fad\u0131. Kalp krizi ge\u00e7irdikten sonra 1970'lerin sonunda Balear adas\u0131 \u0130biza'daki Elvissa'ya ta\u015f\u0131nd\u0131. \u0130biza'n\u0131n manzaras\u0131, Fransa'n\u0131n g\u00fcneyi ve \u0130svi\u00e7re'nin do\u011fusundan manzaralar gibi sanatsal \u00e7al\u0131\u015fmalar\u0131nda kendine yer buldu. Resim tarz\u0131 Vincent van Gogh ve Lovis Corinth'ten etkilenmi\u015ftir, bu nedenle resimleri \u00f6zel renk yo\u011funlu\u011fu nedeniyle \u00f6ne \u00e7\u0131kmakta ve sakin ve huzurlu bir his yaymaktad\u0131r.\n\nHans Hunziker resmin yan\u0131 s\u0131ra caz m\u00fczi\u011finde de aktifti. \u201cTrester Seven\u201d ve Profes\u00f6r Marthaler taraf\u0131ndan y\u00f6netilen ve Z\u00fcrih'teki ilk caz festivalinde sahne alan \u201cPorridge Brass Band \u201din bir \u00fcyesiydi.","link":"https:\/\/collection.galerie-gerdes.com\/tr\/c\/sanatcilar\/hans-hunziker-tr\/","name":"Hans HUNZIKER","slug":"hans-hunziker-tr","taxonomy":"product_cat","parent":1863,"meta":[],"_links":{"self":[{"href":"https:\/\/collection.galerie-gerdes.com\/tr\/wp-json\/wp\/v2\/product_cat\/6570","targetHints":{"allow":["GET"]}}],"collection":[{"href":"https:\/\/collection.galerie-gerdes.com\/tr\/wp-json\/wp\/v2\/product_cat"}],"about":[{"href":"https:\/\/collection.galerie-gerdes.com\/tr\/wp-json\/wp\/v2\/taxonomies\/product_cat"}],"up":[{"embeddable":true,"href":"https:\/\/collection.galerie-gerdes.com\/tr\/wp-json\/wp\/v2\/product_cat\/1863"}],"wp:post_type":[{"href":"https:\/\/collection.galerie-gerdes.com\/tr\/wp-json\/wp\/v2\/product?product_cat=6570"}],"curies":[{"name":"wp","href":"https:\/\/api.w.org\/{rel}","templated":true}]}}