{"id":6759,"count":0,"description":"Heinrich Wilke 3 \u015eubat 1869'da Berlin'de do\u011fdu ve 19 Kas\u0131m 1952'de G\u00fcstrow'da \u00f6ld\u00fc. \u00d6zellikle portre, manzara ve tarihi sahnelerde uzmanla\u015fm\u0131\u015f bir Alman ressamd\u0131.\n\nWilke, 1887-1891 y\u0131llar\u0131 aras\u0131nda Hochschule f\u00fcr Bildende K\u00fcnste Berlin'de resim e\u011fitimi ald\u0131 ve burada di\u011ferlerinin yan\u0131 s\u0131ra Hugo Vogel ile \u00e7al\u0131\u015ft\u0131. Daha 1890'da Pompei kad\u0131n hamamlar\u0131n\u0131 resmetti\u011fi \u00e7al\u0131\u015fmalar\u0131yla \u00f6d\u00fcller ald\u0131 ve bunlar\u0131 G\u00fczel Sanatlar Akademisi'nde sergiledi. 1891-1892 y\u0131llar\u0131 aras\u0131nda M\u00fcnih G\u00fczel Sanatlar Akademisi'nde ek \u00e7al\u0131\u015fmalar yapt\u0131 ve burada Bruno Piglhein, Ludwig Thiersch ve Carl Gustaf Hellqvist gibi tan\u0131nm\u0131\u015f ressamlar\u0131n \u00e7evresine girdi.\n\n1893'te Berlin'e d\u00f6nd\u00fckten sonra kendini a\u011f\u0131rl\u0131kl\u0131 olarak portre ve tarih resmine adad\u0131. 1892, 1896\/1897 ve 1901\/1902 y\u0131llar\u0131nda \u0130talya'ya birka\u00e7 \u00e7al\u0131\u015fma gezisi yapt\u0131. Wilke ayr\u0131ca \u00e7e\u015fitli sanatsal derneklerde yer ald\u0131 ve Berlin'deki b\u00fcy\u00fck sanat sergilerinde d\u00fczenli olarak temsil edildi.\n\n1917'de Richard van Tongel'den van Tongel \u00e7elik fabrikas\u0131 i\u00e7in sipari\u015f edilen bir eser yaratmak \u00fczere G\u00fcstrow'a davet ald\u0131. Orada kendini aranan bir portre ressam\u0131 olarak kabul ettirdi ve G\u00fcstrow burjuvazisinin yakla\u015f\u0131k 100 portresini yapt\u0131. 1921'de G\u00fcstrow onun \u00f6l\u00fcm\u00fcne kadar ya\u015fad\u0131\u011f\u0131 ve \u00e7al\u0131\u015ft\u0131\u011f\u0131 evi oldu.\n\nWilke, Berlin'de ge\u00e7irdi\u011fi s\u00fcre boyunca eserlerinde \u00f6ncelikle tarihi temalara yo\u011funla\u015fm\u0131\u015f, daha sonra dikkatini giderek Mecklenburg manzaralar\u0131na y\u00f6neltmi\u015ftir. Bug\u00fcn G\u00fcstrow \u015eehir M\u00fczesi Wilke'nin 29 tablosuna ev sahipli\u011fi yapmaktad\u0131r.\n\nWilke'nin eserleri, 1896'da Berlin'de d\u00fczenlenen Uluslararas\u0131 Sanat Sergisi, 1893-1916 y\u0131llar\u0131 aras\u0131ndaki B\u00fcy\u00fck Berlin Sanat Sergileri'nin yan\u0131 s\u0131ra 1921'de Rostock Belediye M\u00fczesi, 1926'da Schwerin'deki Museum am Alten Garten ve 1928'de G\u00fcstrow M\u00fczesi'ndeki ki\u015fisel sergiler de dahil olmak \u00fczere \u00e7e\u015fitli sergilerde yer ald\u0131. Eserleri \u00f6l\u00fcm\u00fcnden sonra da, \u00f6rne\u011fin 1939'da Schwerin'deki Mecklenburg Devlet M\u00fczesi'nde a\u00e7\u0131lan \u00e7a\u011fda\u015f ressamlar sergisinde ve 1994'te G\u00fcstrow \u015eehir M\u00fczesi'nde a\u00e7\u0131lan bir kabine sergisinde g\u00f6sterilmeye devam etti.","link":"https:\/\/collection.galerie-gerdes.com\/tr\/c\/sanatcilar\/heinrich-wilke-tr\/","name":"Heinrich Wilke","slug":"heinrich-wilke-tr","taxonomy":"product_cat","parent":1863,"meta":[],"_links":{"self":[{"href":"https:\/\/collection.galerie-gerdes.com\/tr\/wp-json\/wp\/v2\/product_cat\/6759","targetHints":{"allow":["GET"]}}],"collection":[{"href":"https:\/\/collection.galerie-gerdes.com\/tr\/wp-json\/wp\/v2\/product_cat"}],"about":[{"href":"https:\/\/collection.galerie-gerdes.com\/tr\/wp-json\/wp\/v2\/taxonomies\/product_cat"}],"up":[{"embeddable":true,"href":"https:\/\/collection.galerie-gerdes.com\/tr\/wp-json\/wp\/v2\/product_cat\/1863"}],"wp:post_type":[{"href":"https:\/\/collection.galerie-gerdes.com\/tr\/wp-json\/wp\/v2\/product?product_cat=6759"}],"curies":[{"name":"wp","href":"https:\/\/api.w.org\/{rel}","templated":true}]}}