{"id":7369,"count":0,"description":"Carl Clobes, 27 Temmuz 1912'de Kassel'de do\u011fdu ve 15 Ocak 1996'da T\u00fcckelhausen'de \u00f6ld\u00fc, duvar resimleri, kamusal ve kutsal alanlar i\u00e7in resimler, vitray pencereler ve mozaikler i\u00e7eren \u00e7al\u0131\u015fmalar\u0131yla tan\u0131nan \u00fcnl\u00fc bir Alman ressamd\u0131.\nClobes, sekiz ya\u015f\u0131ndayken Kassel Belediyesi taraf\u0131ndan sanatsal a\u00e7\u0131dan yetenekli \u00e7ocuklar i\u00e7in d\u00fczenlenen bir \u00e7izim ve resim kursu taraf\u0131ndan te\u015fvik edildi. 1926'dan 1929'a kadar Kassel'deki Uygulamal\u0131 Sanatlar Okulu'na devam ederken bir yandan da resim sanat\u0131n\u0131 \u00f6\u011frendi. Resmi e\u011fitimine 1930'dan itibaren Profes\u00f6r Ferdinand Spiegel'in s\u0131n\u0131f\u0131nda okudu\u011fu Berlin Akademisi'nde devam etti.\nClobes i\u00e7in bi\u00e7imlendirici bir deneyim, 1934\/35 y\u0131llar\u0131nda kendi in\u015fa etti\u011fi bir yelkenli tekneyle karde\u015fiyle birlikte \u00e7\u0131kt\u0131\u011f\u0131 yolculuktu. Bu yolculuk onlar\u0131 Danimarka \u00fczerinden Fransa, \u0130talya ve Kuzey Afrika'ya kadar g\u00f6t\u00fcrd\u00fc. Berlin'e d\u00f6nd\u00fc\u011f\u00fcnde Pariser Platz'daki Prusya Sanat Akademisi'nde y\u00fcksek lisans \u00f6\u011frencisi oldu. Burada aralar\u0131nda Hubert Berke, Arnold ve Paul Bode, Emy Roeder ve Gustav Seitz gibi sanat\u00e7\u0131lar\u0131n da bulundu\u011fu \u00e7ok say\u0131da arkada\u015f edindi.\nClobes 1940'tan 1941'e kadar Roma'daki Alman Akademisi Villa Massimo'dan burs ald\u0131. Ayn\u0131 y\u0131l ressam Elisabeth Freitag ile evlendi ve bu evlilikten d\u00f6rt \u00e7ocu\u011fu oldu. \u0130kinci D\u00fcnya Sava\u015f\u0131 s\u0131ras\u0131nda, 1943'ten 1946'ya kadar Wehrmacht'ta asker olarak g\u00f6rev yapt\u0131 ve sava\u015f esiri oldu. Sava\u015ftan ve Berlin'deki evlerinin y\u0131k\u0131lmas\u0131ndan sonra aile 1947 y\u0131l\u0131nda A\u015fa\u011f\u0131 Franconia'daki T\u00fcckelhausen'e ta\u015f\u0131nd\u0131.\nClobes, W\u00fcrzburg piskoposlu\u011funun yeniden in\u015fas\u0131 s\u0131ras\u0131nda yapt\u0131\u011f\u0131 kilise tasar\u0131mlar\u0131yla tan\u0131nd\u0131. Yeni in\u015fa edilen kiliselerin yan\u0131 s\u0131ra yenileme projelerinde de freskler, mozaikler, vitray pencereler ve sunak par\u00e7alar\u0131 yaratt\u0131. Eserleri sadece A\u015fa\u011f\u0131 Franconia'da de\u011fil, M\u00fcnih, Schweinfurt, M\u00fcnster, Marl, Borken ve Berlin gibi di\u011fer Alman \u015fehirlerinde de bulundu. 1990 y\u0131l\u0131nda bile G\u00f6ttingen'deki Nikolausberg Manast\u0131r Kilisesi'nde 14. y\u00fczy\u0131ldan kalma kanatl\u0131 bir suna\u011f\u0131n restorasyonu \u00fczerinde \u00e7al\u0131\u015f\u0131yordu.\nClobes, Athos Da\u011f\u0131, Yunanistan, Akdeniz adalar\u0131 ve Orta Do\u011fu gibi yerleri ke\u015ffederek Avrupa'da Atlantik k\u0131y\u0131lar\u0131na ve Orta Do\u011fu'ya kadar uzanan \u00e7ok say\u0131da inceleme gezisi ger\u00e7ekle\u015ftirdi.","link":"https:\/\/collection.galerie-gerdes.com\/tr\/c\/sanatcilar\/karl-clobes-tr\/","name":"Karl Clobes","slug":"karl-clobes-tr","taxonomy":"product_cat","parent":1863,"meta":[],"_links":{"self":[{"href":"https:\/\/collection.galerie-gerdes.com\/tr\/wp-json\/wp\/v2\/product_cat\/7369","targetHints":{"allow":["GET"]}}],"collection":[{"href":"https:\/\/collection.galerie-gerdes.com\/tr\/wp-json\/wp\/v2\/product_cat"}],"about":[{"href":"https:\/\/collection.galerie-gerdes.com\/tr\/wp-json\/wp\/v2\/taxonomies\/product_cat"}],"up":[{"embeddable":true,"href":"https:\/\/collection.galerie-gerdes.com\/tr\/wp-json\/wp\/v2\/product_cat\/1863"}],"wp:post_type":[{"href":"https:\/\/collection.galerie-gerdes.com\/tr\/wp-json\/wp\/v2\/product?product_cat=7369"}],"curies":[{"name":"wp","href":"https:\/\/api.w.org\/{rel}","templated":true}]}}