{"id":7477,"count":0,"description":"Gimes Lajos, do\u011fum ad\u0131yla Goldberger (Miskolc, 29 Kas\u0131m 1886 - Buchenwald toplama kamp\u0131, 23 \u015eubat 1945) Macar ressam.\n\nBudape\u015fte'deki Sanat ve El Sanatlar\u0131 Okulu'nda e\u011fitim g\u00f6rd\u00fc ve ard\u0131ndan Berlin, Br\u00fcksel ve Paris'te \u00e7al\u0131\u015fmalar\u0131na devam etti. \u0130lk kez Ulusal Salon'da sergi a\u00e7t\u0131. 1906'da Milano'daki Uluslararas\u0131 Sergi'ye d\u00f6rt tablosuyla kat\u0131ld\u0131. 1909'da Miskolc'a yerle\u015fti ve 1927'ye kadar burada yedi toplu sergi a\u00e7t\u0131. \u0130lk manzara sergisi 1911'de Kunsthalle'de ger\u00e7ekle\u015fti. Empresyonizm e\u011filimli nat\u00fcralist resimler yapt\u0131. Ayr\u0131ca etnografik motifler i\u00e7eren suluboyalar da \u00fcretti. 1933 y\u0131l\u0131nda Hollanda'da be\u015f ay ge\u00e7irdi ve burada Lahey, Groningen ve 's-Hertogenboschh'da \u00fc\u00e7 sergi a\u00e7t\u0131. Macar Ulusal \u0130srail K\u00fclt\u00fcr Derne\u011fi'nin bir \u00fcyesiydi ve 1939-1944 y\u0131llar\u0131 aras\u0131nda OMIKE sanat kampanyas\u0131n\u0131n sergilerinde yer ald\u0131.\n\nYe\u011feni Mikl\u00f3s Gimes gazeteci, siyaset\u00e7i ve 1956 devriminin \u015fehidiydi. Karde\u015fi Mikl\u00f3s Gimes bir doktordur. Bald\u0131z\u0131 Lili Hajd\u00fa Gimes bir psikiyatrist ve psikanalistti.\n\nE\u015fi, Ign\u00e1c Freud ve Berta F\u00fcrnberg'in k\u0131z\u0131, m\u00fczik okulu m\u00fcd\u00fcr\u00fc Irma Freud'dur. 28 Aral\u0131k 1918'de Budape\u015fte Ter\u00e9zv\u00e1ros'ta evlenmi\u015ftir.","link":"https:\/\/collection.galerie-gerdes.com\/tr\/c\/sanatcilar\/lajos-gimes-tr\/","name":"Lajo\u0161 G\u00edme\u0161","slug":"lajos-gimes-tr","taxonomy":"product_cat","parent":1863,"meta":[],"_links":{"self":[{"href":"https:\/\/collection.galerie-gerdes.com\/tr\/wp-json\/wp\/v2\/product_cat\/7477","targetHints":{"allow":["GET"]}}],"collection":[{"href":"https:\/\/collection.galerie-gerdes.com\/tr\/wp-json\/wp\/v2\/product_cat"}],"about":[{"href":"https:\/\/collection.galerie-gerdes.com\/tr\/wp-json\/wp\/v2\/taxonomies\/product_cat"}],"up":[{"embeddable":true,"href":"https:\/\/collection.galerie-gerdes.com\/tr\/wp-json\/wp\/v2\/product_cat\/1863"}],"wp:post_type":[{"href":"https:\/\/collection.galerie-gerdes.com\/tr\/wp-json\/wp\/v2\/product?product_cat=7477"}],"curies":[{"name":"wp","href":"https:\/\/api.w.org\/{rel}","templated":true}]}}