{"id":7756,"count":0,"description":"Otto Adolphe Paul Vautier 9 Eyl\u00fcl 1863'te D\u00fcsseldorf'ta do\u011fdu ve 13 Kas\u0131m 1919'da Cenevre'de \u00f6ld\u00fc. \u00dcn\u00fc \u00f6zellikle etkileyici kad\u0131n portreleriyle kendini g\u00f6steren \u00fcnl\u00fc bir \u0130svi\u00e7reli ressamd\u0131.\n\nRessam Benjamin Vautier ve e\u015fi Bertha, k\u0131zl\u0131k soyad\u0131 Euler'in \u00fc\u00e7\u00fcnc\u00fc o\u011flu olan Otto Vautier, kendisini sanat yoluna y\u00f6nlendiren bir e\u011fitim ald\u0131. Okul e\u011fitimi onu 1882 y\u0131l\u0131na kadar D\u00fcsseldorf'ta Klosterstra\u00dfe'deki Realgymnasium'a g\u00f6t\u00fcrd\u00fc. Resme olan yetene\u011fi bu k\u00fclt\u00fcrel ortamda uyand\u0131. A\u011fabeyi Karl gibi o da sanat yoluna girdi ve kendini resme adad\u0131. Zanaat\u0131n\u0131 m\u00fckemmelle\u015ftirmek i\u00e7in M\u00fcnih'teki G\u00fczel Sanatlar Akademisi'ne gitti ve Fritz von Uhde'nin \u00f6\u011frencisi oldu. Bu s\u00fcre zarf\u0131nda, Leopold von Kalckreuth ile tan\u0131\u015fmas\u0131 ve Dachau'daki sanat \u00e7evreleriyle ba\u011flant\u0131s\u0131 da dahil olmak \u00fczere \u00f6nemli sanatsal ba\u011flant\u0131lar kurdu.\n\nParis'te kald\u0131\u011f\u0131 1889 y\u0131l\u0131 civar\u0131nda ressam Ernest Bi\u00e9ler ile yollar\u0131 kesi\u015fti. Bu kar\u015f\u0131la\u015fma Vautier'yi Valais'ye, daha do\u011frusu Savi\u00e8se ve Evol\u00e8ne'e g\u00f6t\u00fcrd\u00fc ve burada Savi\u00e8se okulunda yo\u011fun bir \u015fekilde manzara resmi \u00e7al\u0131\u015ft\u0131. Sanatsal adanm\u0131\u015fl\u0131\u011f\u0131, 1902'den 1903'e kadar ye\u011feni Otto von W\u00e4tjen'e resim sanat\u0131n\u0131 \u00f6\u011fretti\u011fi \u00f6\u011fretim faaliyetlerinde de belirgindi. Cenevreli ressamlar Alfred Rehfous (1860-1912) ve John-Pierre Simonet (1860-1915) Vautier \u00fczerinde belirleyici bir etki yaratt\u0131 ve 1906'da Cenevre'ye yerle\u015fmesi i\u00e7in onu te\u015fvik etti.\n\nOtto Vautier, 1915-1917 y\u0131llar\u0131 aras\u0131nda kad\u0131n ve tensel a\u015fk temalar\u0131na adanm\u0131\u015f bir sanat toplulu\u011fu olan Groupe du Falot'yu kurdu. Vautier eserlerini Cenevre, Z\u00fcrih ve Paris gibi \u00fcnl\u00fc sanat merkezlerinde sergiledi. 1900'de Paris'teki D\u00fcnya Sergisi'nde, \u00fcst\u00fcn sanatsal ba\u015far\u0131lar\u0131n\u0131n bir i\u015fareti olarak bronz madalya ile \u00f6d\u00fcllendirildi. 1901 ve 1903 y\u0131llar\u0131 aras\u0131nda, sanat d\u00fcnyas\u0131ndaki liderli\u011finin bir g\u00f6stergesi olarak \u0130svi\u00e7re Ressamlar, Heykelt\u0131ra\u015flar ve Mimarlar Derne\u011fi Ba\u015fkanl\u0131\u011f\u0131 g\u00f6revini \u00fcstlendi.\n\nOtto Vautier, Louise Marie, k\u0131zl\u0131k soyad\u0131 Schnell ile evliydi. Bu evlilikten Otto Vautier the Young (1893-1918) ve Benjamin Vautier the Young (1895-1974) ad\u0131nda iki o\u011flu oldu ve onlar da kendilerini resim yapmaya adad\u0131lar. Otto Vautier 1919'da \u00f6ld\u00fc ve ard\u0131nda sanat d\u00fcnyas\u0131nda etkileyici bir miras b\u0131rakt\u0131.","link":"https:\/\/collection.galerie-gerdes.com\/tr\/c\/sanatcilar\/otto-vautier-tr\/","name":"Otto Vautier","slug":"otto-vautier-tr","taxonomy":"product_cat","parent":1863,"meta":[],"_links":{"self":[{"href":"https:\/\/collection.galerie-gerdes.com\/tr\/wp-json\/wp\/v2\/product_cat\/7756","targetHints":{"allow":["GET"]}}],"collection":[{"href":"https:\/\/collection.galerie-gerdes.com\/tr\/wp-json\/wp\/v2\/product_cat"}],"about":[{"href":"https:\/\/collection.galerie-gerdes.com\/tr\/wp-json\/wp\/v2\/taxonomies\/product_cat"}],"up":[{"embeddable":true,"href":"https:\/\/collection.galerie-gerdes.com\/tr\/wp-json\/wp\/v2\/product_cat\/1863"}],"wp:post_type":[{"href":"https:\/\/collection.galerie-gerdes.com\/tr\/wp-json\/wp\/v2\/product?product_cat=7756"}],"curies":[{"name":"wp","href":"https:\/\/api.w.org\/{rel}","templated":true}]}}