{"id":7870,"count":0,"description":"Paul Haslbauer 1919 y\u0131l\u0131nda M\u00fcnih'te do\u011fdu ve 2016 y\u0131l\u0131nda M\u00fcnih-Pasing'de \u00f6ld\u00fc. \u00dcnl\u00fc bir Alman ressam ve heykelt\u0131ra\u015ft\u0131.\n\nHaslbauer, gen\u00e7 ya\u015flardan itibaren g\u00f6rsel sanatlara kar\u015f\u0131 b\u00fcy\u00fck bir sanatsal yetenek ve tutku g\u00f6sterdi. Okuldan ayr\u0131ld\u0131ktan sonra sanatsal e\u011fitimini derinle\u015ftirmeye karar verdi ve M\u00fcnih'teki \u00fcnl\u00fc G\u00fczel Sanatlar Akademisi'nde okumaya ba\u015flad\u0131.\n\nHaslbauer, e\u011fitimi s\u0131ras\u0131nda kendi tarz\u0131n\u0131 ve sanatsal sesini geli\u015ftirmeye devam etti. Hem resim hem de heykel alan\u0131nda farkl\u0131 teknikler ve malzemeler denedi. Eserleri g\u00fc\u00e7l\u00fc ifade, hassas g\u00f6zlem ve derin duygusal yo\u011funluk ile karakterize edilir.","link":"https:\/\/collection.galerie-gerdes.com\/tr\/c\/sanatcilar\/paul-haslbauer-tr\/","name":"Paul Haslbauer","slug":"paul-haslbauer-tr","taxonomy":"product_cat","parent":1863,"meta":[],"_links":{"self":[{"href":"https:\/\/collection.galerie-gerdes.com\/tr\/wp-json\/wp\/v2\/product_cat\/7870","targetHints":{"allow":["GET"]}}],"collection":[{"href":"https:\/\/collection.galerie-gerdes.com\/tr\/wp-json\/wp\/v2\/product_cat"}],"about":[{"href":"https:\/\/collection.galerie-gerdes.com\/tr\/wp-json\/wp\/v2\/taxonomies\/product_cat"}],"up":[{"embeddable":true,"href":"https:\/\/collection.galerie-gerdes.com\/tr\/wp-json\/wp\/v2\/product_cat\/1863"}],"wp:post_type":[{"href":"https:\/\/collection.galerie-gerdes.com\/tr\/wp-json\/wp\/v2\/product?product_cat=7870"}],"curies":[{"name":"wp","href":"https:\/\/api.w.org\/{rel}","templated":true}]}}