{"id":7911,"count":0,"description":"Mikl\u00f3s N\u00e9meth, 14 \u015eubat 1934'te Budape\u015fte'de do\u011fdu ve 23 \u015eubat 2012'de \u00f6ld\u00fc, Macar avangard ressam ve grafik sanat\u00e7\u0131s\u0131yd\u0131.\n\n1950-1954 y\u0131llar\u0131 aras\u0131nda \u00d6d\u00f6n M\u00e1rffy'nin resim okulunda e\u011fitim g\u00f6rd\u00fc ve burada Istv\u00e1n Ilosvai Varga, Emil G\u00e1dor ve T\u00f3th Menyh\u00e9rt gibi tan\u0131nm\u0131\u015f \u00f6\u011fretmenlerden ders ald\u0131. 1990 ve 1998 y\u0131llar\u0131nda Buda Sanat\u00e7\u0131lar Grubu'nun genel sekreterli\u011fini yapt\u0131. N\u00e9meth, Tokaj ve Telkib\u00e1nya'daki sanat\u00e7\u0131 kolonilerinde aktif olarak yer ald\u0131 ve en \u00f6nemli eserlerinden birini Telkib\u00e1nya k\u00f6y\u00fcnde sundu.\n\nSanatsal \u00e7al\u0131\u015fmalar\u0131, 1981'de Pesterzs\u00e9bet'teki Bahar Sergisi \u00f6d\u00fcl\u00fc ve en son Pest-Buda Birli\u011fi'nin 100. y\u0131ld\u00f6n\u00fcm\u00fc vesilesiyle d\u00fczenlenen amat\u00f6r sergilerde yerel ve ulusal \u00f6d\u00fcller de dahil olmak \u00fczere \u00e7e\u015fitli \u00f6d\u00fcllerle takdir edildi.\n\n1996 y\u0131l\u0131nda Istv\u00e1n Varga Ilosvai \u00d6d\u00fcl\u00fc'ne lay\u0131k g\u00f6r\u00fcld\u00fc.\n\nN\u00e9meth'in eserleri, a\u015fa\u011f\u0131dakiler de dahil olmak \u00fczere kamu koleksiyonlar\u0131nda yer almaktad\u0131r:\n\nKort\u00e1rs Magyar Gal\u00e9ria (\u00c7a\u011fda\u015f Macar Sanat\u0131 Galerisi), Dunajsk\u00e1 Streda, Slovakya.\nFerenczy M\u00fczesi, Szentendre\nKiscell M\u00fczesi, Budape\u015fte\nSz\u00e9chenyi M\u00fczesi, Nagycenk","link":"https:\/\/collection.galerie-gerdes.com\/tr\/c\/sanatcilar\/miklos-nemeth-tr\/","name":"Miklos Nemeth","slug":"miklos-nemeth-tr","taxonomy":"product_cat","parent":1863,"meta":[],"_links":{"self":[{"href":"https:\/\/collection.galerie-gerdes.com\/tr\/wp-json\/wp\/v2\/product_cat\/7911","targetHints":{"allow":["GET"]}}],"collection":[{"href":"https:\/\/collection.galerie-gerdes.com\/tr\/wp-json\/wp\/v2\/product_cat"}],"about":[{"href":"https:\/\/collection.galerie-gerdes.com\/tr\/wp-json\/wp\/v2\/taxonomies\/product_cat"}],"up":[{"embeddable":true,"href":"https:\/\/collection.galerie-gerdes.com\/tr\/wp-json\/wp\/v2\/product_cat\/1863"}],"wp:post_type":[{"href":"https:\/\/collection.galerie-gerdes.com\/tr\/wp-json\/wp\/v2\/product?product_cat=7911"}],"curies":[{"name":"wp","href":"https:\/\/api.w.org\/{rel}","templated":true}]}}