{"id":7942,"count":0,"description":"Paul Burckhardt (1880-1961) ressam ve yazar olarak faaliyet g\u00f6steren \u0130svi\u00e7reli bir sanat\u00e7\u0131yd\u0131. 12 May\u0131s 1880'de Z\u00fcrih kantonundaki R\u00fcti'de do\u011fdu. Babas\u0131 \u00fcnl\u00fc papaz ve besteci Abel Burckhardt'\u0131n soyundan gelen dekan ve papaz Abel Burckhardt, annesi Karolina Luise, k\u0131zl\u0131k soyad\u0131 Hess ise Johann Jakob Hess'in k\u0131z\u0131yd\u0131. Burckhardt'\u0131n Carl Burckhardt ad\u0131nda bir a\u011fabeyi vard\u0131 ve amcas\u0131 Titus Burckhardt, ye\u011feninin ad\u0131 ise Ernst Friedrich Burckhardt idi.\n\nBabas\u0131n\u0131n erken \u00f6l\u00fcm\u00fcnden sonra aile Basel'e ta\u015f\u0131nd\u0131 ve Paul Burckhardt burada e\u011fitimine ba\u015flad\u0131. Jakob Eduard Vischer-Sarasin ve Rudolf Eduard Fueter-Gelzer'in yan\u0131nda mimar olarak \u00e7\u0131rakl\u0131k e\u011fitimini tamamlad\u0131. Daha sonra M\u00fcnih Teknik \u00dcniversitesi'nde Carl Hocheder ve Martin D\u00fclfer'in yan\u0131nda e\u011fitimine devam etti ve Darmstadt'ta Joseph Maria Olbrich'in yan\u0131nda e\u011fitimini tamamlad\u0131. Basel'e d\u00f6nd\u00fc\u011f\u00fcnde Rudolf Linder ile birlikte \u00e7e\u015fitli mimari projelerde \u00e7al\u0131\u015ft\u0131ktan sonra kendi kendini yeti\u015ftirmi\u015f bir sanat\u00e7\u0131 olarak kendini manzara resmine adad\u0131.\n\nBurckhardt, 1905 y\u0131l\u0131nda arkada\u015flar\u0131 Paul Basilius Barth, Paul Altherr ve Hermann Meyer ile birlikte G\u00fcney \u0130talya'ya bir \u00e7al\u0131\u015fma gezisine \u00e7\u0131kt\u0131. 1911-1912 y\u0131llar\u0131 aras\u0131nda Hollanda'da zaman ge\u00e7irdi. Eserleri Kunsthalle Bern, Kunsthalle Basel, Kunstmuseum Basel, Kunsthaus Z\u00fcrich, Kunstmuseum St. Gallen ve Kunsthaus Glarus gibi tan\u0131nm\u0131\u015f m\u00fczelerde sergilendi.\n\nBirinci D\u00fcnya Sava\u015f\u0131'ndan sonra Burckhardt, kocas\u0131 misyoner Paul Eduard Burckhardt ile birlikte \u0130ngiliz Hindistan'\u0131nda ya\u015fayan k\u0131z karde\u015fi Maria'y\u0131 ziyaret etti. Daha sonra \u201cReiseschilderung eines Malers\u201d adl\u0131 eserin yan\u0131 s\u0131ra \u201cKochb\u00fcchlein f\u00fcr Einzelg\u00e4nger\u201d ve \u201cDie heiteren Reiserlebnisse eines Malers in Italien\u201d adl\u0131 kitaplar\u0131 yazd\u0131 ve resimledi.\n\nPaul Burckhardt 14 Ocak 1961'de Basel'de \u00f6ld\u00fc ve buradaki Wolfgottesacker mezarl\u0131\u011f\u0131na g\u00f6m\u00fcld\u00fc. Geni\u015f sanatsal miras\u0131 ve edebi \u00e7al\u0131\u015fmalar\u0131 bug\u00fcn de \u0130svi\u00e7re'nin k\u00fclt\u00fcrel \u00e7e\u015fitlili\u011fine katk\u0131da bulunmaya devam etmektedir.","link":"https:\/\/collection.galerie-gerdes.com\/tr\/c\/sanatcilar\/paul-burckhardt-tr\/","name":"Paul BURCKHARDT","slug":"paul-burckhardt-tr","taxonomy":"product_cat","parent":1863,"meta":[],"_links":{"self":[{"href":"https:\/\/collection.galerie-gerdes.com\/tr\/wp-json\/wp\/v2\/product_cat\/7942","targetHints":{"allow":["GET"]}}],"collection":[{"href":"https:\/\/collection.galerie-gerdes.com\/tr\/wp-json\/wp\/v2\/product_cat"}],"about":[{"href":"https:\/\/collection.galerie-gerdes.com\/tr\/wp-json\/wp\/v2\/taxonomies\/product_cat"}],"up":[{"embeddable":true,"href":"https:\/\/collection.galerie-gerdes.com\/tr\/wp-json\/wp\/v2\/product_cat\/1863"}],"wp:post_type":[{"href":"https:\/\/collection.galerie-gerdes.com\/tr\/wp-json\/wp\/v2\/product?product_cat=7942"}],"curies":[{"name":"wp","href":"https:\/\/api.w.org\/{rel}","templated":true}]}}