{"id":9504,"count":0,"description":"Louis Toncini, 30 Kas\u0131m 1907'de Marsilya'da do\u011fmu\u015f ve 27 Aral\u0131k 2002'de orada \u00f6lm\u00fc\u015f Frans\u0131z ressam.\n\nLouis Toncini Marsilya'daki \u00c9cole des beaux-arts'ta \u00f6\u011frenciyken \u00f6nce heykel, sonra da resim e\u011fitimi ald\u0131. 1928 y\u0131l\u0131nda Marsilya'da Cours Pierre-Puget'deki Guibert galerisi ve sanat kitap\u00e7\u0131s\u0131nda sergi a\u00e7t\u0131. K\u0131sa bir s\u00fcre sonra Marsilya'daki gen\u00e7 ressamlar hareketine kat\u0131ld\u0131 ve 1931'de Leon Cadenel, Antoine Serra, Jean Tognetti ve Fran\u00e7ois Diana ile birlikte daha sonra Halk\u0131n Ressamlar\u0131 olarak bilinecek olan proleter ressamlar grubunu kurdu. \u00c7al\u0131\u015fma d\u00fcnyas\u0131n\u0131 resmetti ve kentsel temalar\u0131 ele ald\u0131: Fabrikalar, tren istasyonlar\u0131, limanlar vs.\n\nAyn\u0131 zamanda dekoratif ressam olarak da \u00e7al\u0131\u015ft\u0131 ve bunun i\u00e7in \u00e7ok say\u0131da mimar taraf\u0131ndan g\u00f6revlendirildi. 1936'da Louis Aragon, Andr\u00e9 Malraux ve Jean Giono taraf\u0131ndan desteklenen eyaletin ilk K\u00fclt\u00fcr Evi'nin kurulu\u015funa (Antoine Serra, Fran\u00e7ois Diana ve Leon Cadenel ile birlikte) kat\u0131ld\u0131.\n\nKurtulu\u015ftan sonra, iyimser karakteri \u00fcst\u00fcnl\u00fck kazand\u0131: nat\u00fcrmortlar, \u00e7i\u00e7ek buketleri ve manzaralar \u00e7izdi. P\u00e9ano ressamlar\u0131 aras\u0131nda en \u00f6nemli isimlerden biri haline geldi. Hautes-Alpes'te bir ev sat\u0131n ald\u0131ktan sonra Durance k\u0131y\u0131lar\u0131n\u0131, da\u011flar\u0131, k\u00f6yleri vs. de resmetti.","link":"https:\/\/collection.galerie-gerdes.com\/tr\/c\/sanatcilar\/louis-toncini-tr\/","name":"Louis Toncini","slug":"louis-toncini-tr","taxonomy":"product_cat","parent":1863,"meta":[],"_links":{"self":[{"href":"https:\/\/collection.galerie-gerdes.com\/tr\/wp-json\/wp\/v2\/product_cat\/9504","targetHints":{"allow":["GET"]}}],"collection":[{"href":"https:\/\/collection.galerie-gerdes.com\/tr\/wp-json\/wp\/v2\/product_cat"}],"about":[{"href":"https:\/\/collection.galerie-gerdes.com\/tr\/wp-json\/wp\/v2\/taxonomies\/product_cat"}],"up":[{"embeddable":true,"href":"https:\/\/collection.galerie-gerdes.com\/tr\/wp-json\/wp\/v2\/product_cat\/1863"}],"wp:post_type":[{"href":"https:\/\/collection.galerie-gerdes.com\/tr\/wp-json\/wp\/v2\/product?product_cat=9504"}],"curies":[{"name":"wp","href":"https:\/\/api.w.org\/{rel}","templated":true}]}}